{"id":1149,"date":"2016-12-08T17:17:53","date_gmt":"2016-12-08T16:17:53","guid":{"rendered":"http:\/\/jeanette-wolff-schule-dortmund.de\/wordpress\/?p=1149"},"modified":"2016-12-08T17:18:28","modified_gmt":"2016-12-08T16:18:28","slug":"lauf-in-mengede","status":"publish","type":"post","link":"https:\/\/jeanette-wolff-schule-dortmund.de\/wordpress\/lauf-in-mengede\/","title":{"rendered":"Lauf in Mengede!"},"content":{"rendered":"<div id=\"pl-1149\"  class=\"panel-layout\" ><div id=\"pg-1149-0\"  class=\"panel-grid panel-no-style\" ><div id=\"pgc-1149-0-0\"  class=\"panel-grid-cell\" ><div id=\"panel-1149-0-0-0\" class=\"so-panel widget widget_black-studio-tinymce widget_black_studio_tinymce panel-first-child panel-last-child\" data-index=\"0\" ><div class=\"textwidget\"><p><img decoding=\"async\" src=\"http:\/\/jeanette-wolff-schule-dortmund.de\/wordpress\/wp-content\/uploads\/IMG_2314.jpg\" \/><\/p>\n<\/div><\/div><\/div><div id=\"pgc-1149-0-1\"  class=\"panel-grid-cell\" ><div id=\"panel-1149-0-1-0\" class=\"so-panel widget widget_text panel-first-child panel-last-child\" data-index=\"1\" >\t\t\t<div class=\"textwidget\">Am 30. Oktober nahm eine Delegation der Jeanette-Wolff-Schule am Mengeder Markt am allj\u00e4hrlichen Lauf in Mengede teil. Angetreten ist die sportliche Gruppe beim 5 Kilometer Lauf. Zwei unserer Sch\u00fcler belegten sogar den 1. Platz in ihrer Altersklasse! Herzlichen Gl\u00fcckwunsch!<\/div>\n\t\t<\/div><\/div><\/div><\/div>","protected":false},"excerpt":{"rendered":"<p>Am 30. Oktober nahm eine Delegation der Jeanette-Wolff-Schule am Mengeder Markt am allj\u00e4hrlichen Lauf in Mengede teil. Angetreten ist die sportliche Gruppe beim 5 Kilometer Lauf. Zwei unserer Sch\u00fcler belegten sogar den 1. Platz in ihrer Altersklasse! Herzlichen Gl\u00fcckwunsch!<\/p>\n","protected":false},"author":1,"featured_media":0,"comment_status":"closed","ping_status":"closed","sticky":false,"template":"","format":"standard","meta":{"ngg_post_thumbnail":0,"footnotes":""},"categories":[1,5],"tags":[14,16],"class_list":["post-1149","post","type-post","status-publish","format-standard","hentry","category-allgemein","category-schulleben","tag-schulleben","tag-sport"],"_links":{"self":[{"href":"https:\/\/jeanette-wolff-schule-dortmund.de\/wordpress\/wp-json\/wp\/v2\/posts\/1149","targetHints":{"allow":["GET"]}}],"collection":[{"href":"https:\/\/jeanette-wolff-schule-dortmund.de\/wordpress\/wp-json\/wp\/v2\/posts"}],"about":[{"href":"https:\/\/jeanette-wolff-schule-dortmund.de\/wordpress\/wp-json\/wp\/v2\/types\/post"}],"author":[{"embeddable":true,"href":"https:\/\/jeanette-wolff-schule-dortmund.de\/wordpress\/wp-json\/wp\/v2\/users\/1"}],"replies":[{"embeddable":true,"href":"https:\/\/jeanette-wolff-schule-dortmund.de\/wordpress\/wp-json\/wp\/v2\/comments?post=1149"}],"version-history":[{"count":1,"href":"https:\/\/jeanette-wolff-schule-dortmund.de\/wordpress\/wp-json\/wp\/v2\/posts\/1149\/revisions"}],"predecessor-version":[{"id":1151,"href":"https:\/\/jeanette-wolff-schule-dortmund.de\/wordpress\/wp-json\/wp\/v2\/posts\/1149\/revisions\/1151"}],"wp:attachment":[{"href":"https:\/\/jeanette-wolff-schule-dortmund.de\/wordpress\/wp-json\/wp\/v2\/media?parent=1149"}],"wp:term":[{"taxonomy":"category","embeddable":true,"href":"https:\/\/jeanette-wolff-schule-dortmund.de\/wordpress\/wp-json\/wp\/v2\/categories?post=1149"},{"taxonomy":"post_tag","embeddable":true,"href":"https:\/\/jeanette-wolff-schule-dortmund.de\/wordpress\/wp-json\/wp\/v2\/tags?post=1149"}],"curies":[{"name":"wp","href":"https:\/\/api.w.org\/{rel}","templated":true}]}}