{"id":1163,"date":"2016-12-18T12:45:07","date_gmt":"2016-12-18T11:45:07","guid":{"rendered":"http:\/\/jeanette-wolff-schule-dortmund.de\/wordpress\/?p=1163"},"modified":"2016-12-18T18:14:32","modified_gmt":"2016-12-18T17:14:32","slug":"berufeparcour-im-schuljahr-201617","status":"publish","type":"post","link":"https:\/\/jeanette-wolff-schule-dortmund.de\/wordpress\/berufeparcour-im-schuljahr-201617\/","title":{"rendered":"Berufeparcour im Schuljahr 2016\/17"},"content":{"rendered":"<div id=\"pl-1163\"  class=\"panel-layout\" ><div id=\"pg-1163-0\"  class=\"panel-grid panel-no-style\" ><div id=\"pgc-1163-0-0\"  class=\"panel-grid-cell\" ><div id=\"panel-1163-0-0-0\" class=\"so-panel widget widget_siteorigin-panels-image panel-first-child panel-last-child\" data-index=\"0\" ><img decoding=\"async\" src=\"http:\/\/jeanette-wolff-schule-dortmund.de\/wordpress\/wp-content\/uploads\/IMG_2329-1.jpg\" \/><\/div><\/div><\/div><div id=\"pg-1163-1\"  class=\"panel-grid panel-no-style\" ><div id=\"pgc-1163-1-0\"  class=\"panel-grid-cell\" ><div id=\"panel-1163-1-0-0\" class=\"so-panel widget widget_black-studio-tinymce widget_black_studio_tinymce panel-first-child panel-last-child\" data-index=\"1\" ><div class=\"textwidget\"><p>Auch in diesem Schuljahr nahmen die 8. Klassen wieder am Berufeparcour teil. Durchgef\u00fchrt wurde der Parcour wieder vom Technikzentrum Minden-L\u00fcbbecke e.V. Voller Begeisterung und Elan absolvierten unsere Sch\u00fclerinnen und Sch\u00fcler die ihnen gestellten Aufgaben und konnten so ihre St\u00e4rken austesten.\u00a0<\/p>\n<\/div><\/div><\/div><\/div><div id=\"pg-1163-2\"  class=\"panel-grid panel-no-style\" ><div id=\"pgc-1163-2-0\"  class=\"panel-grid-cell\" ><div id=\"panel-1163-2-0-0\" class=\"so-panel widget widget_siteorigin-panels-image panel-first-child panel-last-child\" data-index=\"2\" ><img decoding=\"async\" src=\"http:\/\/jeanette-wolff-schule-dortmund.de\/wordpress\/wp-content\/uploads\/IMG_2327.jpg\" \/><\/div><\/div><div id=\"pgc-1163-2-1\"  class=\"panel-grid-cell\" ><div id=\"panel-1163-2-1-0\" class=\"so-panel widget widget_siteorigin-panels-image panel-first-child panel-last-child\" data-index=\"3\" ><img decoding=\"async\" src=\"http:\/\/jeanette-wolff-schule-dortmund.de\/wordpress\/wp-content\/uploads\/IMG_2332.jpg\" \/><\/div><\/div><\/div><\/div>","protected":false},"excerpt":{"rendered":"<p>Auch in diesem Schuljahr nahmen die 8. Klassen wieder am Berufeparcour teil. Durchgef\u00fchrt wurde der Parcour wieder vom Technikzentrum Minden-L\u00fcbbecke e.V. Voller Begeisterung und Elan absolvierten unsere Sch\u00fclerinnen und Sch\u00fcler die ihnen gestellten Aufgaben und konnten so ihre St\u00e4rken austesten.\u00a0<\/p>\n","protected":false},"author":1,"featured_media":0,"comment_status":"closed","ping_status":"closed","sticky":false,"template":"","format":"standard","meta":{"ngg_post_thumbnail":0,"footnotes":""},"categories":[1,5],"tags":[20,27],"class_list":["post-1163","post","type-post","status-publish","format-standard","hentry","category-allgemein","category-schulleben","tag-berufsorientierung","tag-projekttag"],"_links":{"self":[{"href":"https:\/\/jeanette-wolff-schule-dortmund.de\/wordpress\/wp-json\/wp\/v2\/posts\/1163","targetHints":{"allow":["GET"]}}],"collection":[{"href":"https:\/\/jeanette-wolff-schule-dortmund.de\/wordpress\/wp-json\/wp\/v2\/posts"}],"about":[{"href":"https:\/\/jeanette-wolff-schule-dortmund.de\/wordpress\/wp-json\/wp\/v2\/types\/post"}],"author":[{"embeddable":true,"href":"https:\/\/jeanette-wolff-schule-dortmund.de\/wordpress\/wp-json\/wp\/v2\/users\/1"}],"replies":[{"embeddable":true,"href":"https:\/\/jeanette-wolff-schule-dortmund.de\/wordpress\/wp-json\/wp\/v2\/comments?post=1163"}],"version-history":[{"count":3,"href":"https:\/\/jeanette-wolff-schule-dortmund.de\/wordpress\/wp-json\/wp\/v2\/posts\/1163\/revisions"}],"predecessor-version":[{"id":1170,"href":"https:\/\/jeanette-wolff-schule-dortmund.de\/wordpress\/wp-json\/wp\/v2\/posts\/1163\/revisions\/1170"}],"wp:attachment":[{"href":"https:\/\/jeanette-wolff-schule-dortmund.de\/wordpress\/wp-json\/wp\/v2\/media?parent=1163"}],"wp:term":[{"taxonomy":"category","embeddable":true,"href":"https:\/\/jeanette-wolff-schule-dortmund.de\/wordpress\/wp-json\/wp\/v2\/categories?post=1163"},{"taxonomy":"post_tag","embeddable":true,"href":"https:\/\/jeanette-wolff-schule-dortmund.de\/wordpress\/wp-json\/wp\/v2\/tags?post=1163"}],"curies":[{"name":"wp","href":"https:\/\/api.w.org\/{rel}","templated":true}]}}