{"id":1817,"date":"2019-11-10T21:06:07","date_gmt":"2019-11-10T20:06:07","guid":{"rendered":"http:\/\/jeanette-wolff-schule-dortmund.de\/wordpress\/?p=1817"},"modified":"2019-11-10T21:06:51","modified_gmt":"2019-11-10T20:06:51","slug":"tag-der-talente-2019","status":"publish","type":"post","link":"https:\/\/jeanette-wolff-schule-dortmund.de\/wordpress\/tag-der-talente-2019\/","title":{"rendered":"Tag der Talente 2019"},"content":{"rendered":"<div style=\"width: 625px;\" class=\"wp-video\"><!--[if lt IE 9]><script>document.createElement('video');<\/script><![endif]-->\n<video class=\"wp-video-shortcode\" id=\"video-1817-1\" width=\"625\" height=\"354\" preload=\"metadata\" controls=\"controls\"><source type=\"video\/mp4\" src=\"https:\/\/jeanette-wolff-schule-dortmund.de\/wordpress\/wp-content\/uploads\/87a115e8-dad4-4ce6-9c26-ab62fb6ed7a3.mp4?_=1\" \/><a href=\"https:\/\/jeanette-wolff-schule-dortmund.de\/wordpress\/wp-content\/uploads\/87a115e8-dad4-4ce6-9c26-ab62fb6ed7a3.mp4\">https:\/\/jeanette-wolff-schule-dortmund.de\/wordpress\/wp-content\/uploads\/87a115e8-dad4-4ce6-9c26-ab62fb6ed7a3.mp4<\/a><\/video><\/div>\n<p>&nbsp;<\/p>\n<p>Zw\u00f6lf Sch\u00fclerinnen und Sch\u00fcler der Jeanette-Wolff-Schule am Mengeder Markt nahmen in diesem Jahr am mittlerweile 4. Tag der Talente teil. Die Veranstaltung unter dem Motto \u201eTecLab NordWest &#8211; mach die neuen Technologien zu deinen!\u201c fand diesmal im Heinrich-Heine-Gymnasium in Nette statt. Denn passend zum Titel wurde das neue Technologielabor des HHG gleichzeitig durch Oberb\u00fcrgermeister Ullrich Sierau er\u00f6ffnet.<\/p>\n<p>Das TecLab NordWest soll ein Ort sein, an dem Schulen im Bildungsnetzwerk Mengede, den Sch\u00fclerinnen und Sch\u00fclern sowie Lehrkr\u00e4ften aller Schulformen und aller Altersklassen der Zugang zu Technologien erm\u00f6glicht werden soll, die sie sonst nicht oder nur selten im Unterricht oder Alltag nutzen k\u00f6nnen. MINT-F\u00e4cher sollen erlebbar gestaltet werden, junge Menschen Lust bekommen, zu konstruieren und zu programmieren, Ideen zu entwickeln und zu verwirklichen.<\/p>\n<p>Und so machten sich Celina, Xenia, Melina, Jack, Ashraf, Kayram, John, Leon, Luca, Volkan, Malik <!--more-->und Jonas daran, ihr Talent im Bereich des Fahrzeugbaus zu testen. Die Aufgabe bestand darin, ein Fahrzeug aus verschiedensten Metallbauteilen zu konstruieren. Lediglich die Mindest-, bzw. Maximalma\u00dfe wurden vorgegeben, alles andere blieb der Phantasie \u00fcberlassen. Zuerst wurden Skizzen erstellt und den anderen Workshop-Gruppen pr\u00e4sentiert, dann ging es ans Bauen.<\/p>\n<p>Schnell stellte sich heraus, dass nicht jede Idee in der Realit\u00e4t umsetzbar ist. Sollten die Fahrzeuge in den Wettbewerben \u201eWelches Fahrzeug f\u00e4hrt am weitesten\u201c und \u201eGeradeauslauf\u201c bestehen, mussten immer wieder kleinere und gr\u00f6\u00dfere \u00c4nderungen vorgenommen werden.<\/p>\n<p>Unsere zw\u00f6lf Teilnehmer, aufgeteilt in drei Gruppen, t\u00fcftelten und \u00fcberlegten, diskutierten und probierten bis die K\u00f6pfe rauchten. Ein Rennwagen wurde mehrmals umgebaut, um Gewicht zu sparen. Eine andere Gruppe setzte auf sechs Reifen f\u00fcr ihr \u201eMondfahrzeug\u201c um den Geradeauslauf zu verbessern. Und wieder andere setzten mit ihrem Feuerwehrauto (die Farben waren wohl ausschlaggebend) auf Gewicht, um weit zu kommen.<\/p>\n<p>Am Ende siegte das Gewicht, das Feuerwehrauto rollte unglaubliche 24,3 Meter. Der Rennwagen schaffte \u201enur\u201c knapp \u00fcber 15 Meter, dicht gefolgt vom Mondauto. Und auch bei der Spurtreue setzte sich das L\u00f6schfahrzeug durch. Lediglich 20 Zentimeter Abweichung wurden gemessen, ebenso wie beim Rennwagen. Auf Platz 3 folgte das Mondfahrzeug mit 60 Zentimetern.<\/p>\n<p>Die Sch\u00fclerinnen und Sch\u00fcler waren mit Eifer bei der Sache und arbeiteten sogar in den Pausen an ihren Fahrzeugen. F\u00fcr alle war es ein gelungener Tag.<\/p>\n\r\n\r\n<div class=\"ngg-galleryoverview ngg-slideshow\"\r\n\t id=\"ngg-slideshow-5b984ba5aaf8f8529426deb20425744a-5228432050\"\r\n     data-gallery-id=\"5b984ba5aaf8f8529426deb20425744a\"\r\n     style=\"max-width: 600px; max-height: 400px;\">\r\n\r\n \t<div id=\"ngg-image-0\" class=\"ngg-gallery-slideshow-image\" style=\"height:400px\">\r\n\r\n        <a href=\"https:\/\/jeanette-wolff-schule-dortmund.de\/wordpress\/wp-content\/gallery\/tag-der-talente\/1AFEA356-E53F-44BE-9B8D-20F9D8DB4964.JPG\"\r\n           title=\"\"\r\n           data-src=\"https:\/\/jeanette-wolff-schule-dortmund.de\/wordpress\/wp-content\/gallery\/tag-der-talente\/1AFEA356-E53F-44BE-9B8D-20F9D8DB4964.JPG\"\r\n           data-thumbnail=\"https:\/\/jeanette-wolff-schule-dortmund.de\/wordpress\/wp-content\/gallery\/tag-der-talente\/thumbs\/thumbs_1AFEA356-E53F-44BE-9B8D-20F9D8DB4964.JPG\"\r\n           data-image-id=\"104\"\r\n           data-title=\"1AFEA356-E53F-44BE-9B8D-20F9D8DB4964\"\r\n           data-description=\"\"\r\n           class=\"ngg-fancybox\" rel=\"5b984ba5aaf8f8529426deb20425744a\">\r\n\r\n            <img data-image-id='104'\r\n                 title=\"\"\r\n                 alt=\"1AFEA356-E53F-44BE-9B8D-20F9D8DB4964\"\r\n                 src=\"https:\/\/jeanette-wolff-schule-dortmund.de\/wordpress\/wp-content\/gallery\/tag-der-talente\/1AFEA356-E53F-44BE-9B8D-20F9D8DB4964.JPG\"\r\n                 style=\"max-height: 380px;\"\/>\r\n        <\/a>\r\n\r\n        <\/div> \r\n<div id=\"ngg-image-1\" class=\"ngg-gallery-slideshow-image\" style=\"height:400px\">\r\n\r\n        <a href=\"https:\/\/jeanette-wolff-schule-dortmund.de\/wordpress\/wp-content\/gallery\/tag-der-talente\/26F16665-B933-442E-9F4A-993485CE953E.JPG\"\r\n           title=\"\"\r\n           data-src=\"https:\/\/jeanette-wolff-schule-dortmund.de\/wordpress\/wp-content\/gallery\/tag-der-talente\/26F16665-B933-442E-9F4A-993485CE953E.JPG\"\r\n           data-thumbnail=\"https:\/\/jeanette-wolff-schule-dortmund.de\/wordpress\/wp-content\/gallery\/tag-der-talente\/thumbs\/thumbs_26F16665-B933-442E-9F4A-993485CE953E.JPG\"\r\n           data-image-id=\"105\"\r\n           data-title=\"26F16665-B933-442E-9F4A-993485CE953E\"\r\n           data-description=\"\"\r\n           class=\"ngg-fancybox\" rel=\"5b984ba5aaf8f8529426deb20425744a\">\r\n\r\n            <img data-image-id='105'\r\n                 title=\"\"\r\n                 alt=\"26F16665-B933-442E-9F4A-993485CE953E\"\r\n                 src=\"https:\/\/jeanette-wolff-schule-dortmund.de\/wordpress\/wp-content\/gallery\/tag-der-talente\/26F16665-B933-442E-9F4A-993485CE953E.JPG\"\r\n                 style=\"max-height: 380px;\"\/>\r\n        <\/a>\r\n\r\n        <\/div> \r\n<div id=\"ngg-image-2\" class=\"ngg-gallery-slideshow-image\" style=\"height:400px\">\r\n\r\n        <a href=\"https:\/\/jeanette-wolff-schule-dortmund.de\/wordpress\/wp-content\/gallery\/tag-der-talente\/IMG_5060.JPG\"\r\n           title=\"\"\r\n           data-src=\"https:\/\/jeanette-wolff-schule-dortmund.de\/wordpress\/wp-content\/gallery\/tag-der-talente\/IMG_5060.JPG\"\r\n           data-thumbnail=\"https:\/\/jeanette-wolff-schule-dortmund.de\/wordpress\/wp-content\/gallery\/tag-der-talente\/thumbs\/thumbs_IMG_5060.JPG\"\r\n           data-image-id=\"106\"\r\n           data-title=\"IMG_5060\"\r\n           data-description=\"\"\r\n           class=\"ngg-fancybox\" rel=\"5b984ba5aaf8f8529426deb20425744a\">\r\n\r\n            <img data-image-id='106'\r\n                 title=\"\"\r\n                 alt=\"IMG_5060\"\r\n                 src=\"https:\/\/jeanette-wolff-schule-dortmund.de\/wordpress\/wp-content\/gallery\/tag-der-talente\/IMG_5060.JPG\"\r\n                 style=\"max-height: 380px;\"\/>\r\n        <\/a>\r\n\r\n        <\/div> \r\n<div id=\"ngg-image-3\" class=\"ngg-gallery-slideshow-image\" style=\"height:400px\">\r\n\r\n        <a href=\"https:\/\/jeanette-wolff-schule-dortmund.de\/wordpress\/wp-content\/gallery\/tag-der-talente\/IMG_5061.JPG\"\r\n           title=\"\"\r\n           data-src=\"https:\/\/jeanette-wolff-schule-dortmund.de\/wordpress\/wp-content\/gallery\/tag-der-talente\/IMG_5061.JPG\"\r\n           data-thumbnail=\"https:\/\/jeanette-wolff-schule-dortmund.de\/wordpress\/wp-content\/gallery\/tag-der-talente\/thumbs\/thumbs_IMG_5061.JPG\"\r\n           data-image-id=\"107\"\r\n           data-title=\"IMG_5061\"\r\n           data-description=\"\"\r\n           class=\"ngg-fancybox\" rel=\"5b984ba5aaf8f8529426deb20425744a\">\r\n\r\n            <img data-image-id='107'\r\n                 title=\"\"\r\n                 alt=\"IMG_5061\"\r\n                 src=\"https:\/\/jeanette-wolff-schule-dortmund.de\/wordpress\/wp-content\/gallery\/tag-der-talente\/IMG_5061.JPG\"\r\n                 style=\"max-height: 380px;\"\/>\r\n        <\/a>\r\n\r\n        <\/div> \r\n<div id=\"ngg-image-4\" class=\"ngg-gallery-slideshow-image\" style=\"height:400px\">\r\n\r\n        <a href=\"https:\/\/jeanette-wolff-schule-dortmund.de\/wordpress\/wp-content\/gallery\/tag-der-talente\/IMG_5074.JPG\"\r\n           title=\"\"\r\n           data-src=\"https:\/\/jeanette-wolff-schule-dortmund.de\/wordpress\/wp-content\/gallery\/tag-der-talente\/IMG_5074.JPG\"\r\n           data-thumbnail=\"https:\/\/jeanette-wolff-schule-dortmund.de\/wordpress\/wp-content\/gallery\/tag-der-talente\/thumbs\/thumbs_IMG_5074.JPG\"\r\n           data-image-id=\"108\"\r\n           data-title=\"IMG_5074\"\r\n           data-description=\"\"\r\n           class=\"ngg-fancybox\" rel=\"5b984ba5aaf8f8529426deb20425744a\">\r\n\r\n            <img data-image-id='108'\r\n                 title=\"\"\r\n                 alt=\"IMG_5074\"\r\n                 src=\"https:\/\/jeanette-wolff-schule-dortmund.de\/wordpress\/wp-content\/gallery\/tag-der-talente\/IMG_5074.JPG\"\r\n                 style=\"max-height: 380px;\"\/>\r\n        <\/a>\r\n\r\n        <\/div> \r\n<div id=\"ngg-image-5\" class=\"ngg-gallery-slideshow-image\" style=\"height:400px\">\r\n\r\n        <a href=\"https:\/\/jeanette-wolff-schule-dortmund.de\/wordpress\/wp-content\/gallery\/tag-der-talente\/IMG_5077.JPG\"\r\n           title=\"\"\r\n           data-src=\"https:\/\/jeanette-wolff-schule-dortmund.de\/wordpress\/wp-content\/gallery\/tag-der-talente\/IMG_5077.JPG\"\r\n           data-thumbnail=\"https:\/\/jeanette-wolff-schule-dortmund.de\/wordpress\/wp-content\/gallery\/tag-der-talente\/thumbs\/thumbs_IMG_5077.JPG\"\r\n           data-image-id=\"109\"\r\n           data-title=\"IMG_5077\"\r\n           data-description=\"\"\r\n           class=\"ngg-fancybox\" rel=\"5b984ba5aaf8f8529426deb20425744a\">\r\n\r\n            <img data-image-id='109'\r\n                 title=\"\"\r\n                 alt=\"IMG_5077\"\r\n                 src=\"https:\/\/jeanette-wolff-schule-dortmund.de\/wordpress\/wp-content\/gallery\/tag-der-talente\/IMG_5077.JPG\"\r\n                 style=\"max-height: 380px;\"\/>\r\n        <\/a>\r\n\r\n        <\/div> \r\n<div id=\"ngg-image-6\" class=\"ngg-gallery-slideshow-image\" style=\"height:400px\">\r\n\r\n        <a href=\"https:\/\/jeanette-wolff-schule-dortmund.de\/wordpress\/wp-content\/gallery\/tag-der-talente\/IMG_5078.JPG\"\r\n           title=\"\"\r\n           data-src=\"https:\/\/jeanette-wolff-schule-dortmund.de\/wordpress\/wp-content\/gallery\/tag-der-talente\/IMG_5078.JPG\"\r\n           data-thumbnail=\"https:\/\/jeanette-wolff-schule-dortmund.de\/wordpress\/wp-content\/gallery\/tag-der-talente\/thumbs\/thumbs_IMG_5078.JPG\"\r\n           data-image-id=\"110\"\r\n           data-title=\"IMG_5078\"\r\n           data-description=\"\"\r\n           class=\"ngg-fancybox\" rel=\"5b984ba5aaf8f8529426deb20425744a\">\r\n\r\n            <img data-image-id='110'\r\n                 title=\"\"\r\n                 alt=\"IMG_5078\"\r\n                 src=\"https:\/\/jeanette-wolff-schule-dortmund.de\/wordpress\/wp-content\/gallery\/tag-der-talente\/IMG_5078.JPG\"\r\n                 style=\"max-height: 380px;\"\/>\r\n        <\/a>\r\n\r\n        <\/div> \r\n<div id=\"ngg-image-7\" class=\"ngg-gallery-slideshow-image\" style=\"height:400px\">\r\n\r\n        <a href=\"https:\/\/jeanette-wolff-schule-dortmund.de\/wordpress\/wp-content\/gallery\/tag-der-talente\/IMG_5079.JPG\"\r\n           title=\"\"\r\n           data-src=\"https:\/\/jeanette-wolff-schule-dortmund.de\/wordpress\/wp-content\/gallery\/tag-der-talente\/IMG_5079.JPG\"\r\n           data-thumbnail=\"https:\/\/jeanette-wolff-schule-dortmund.de\/wordpress\/wp-content\/gallery\/tag-der-talente\/thumbs\/thumbs_IMG_5079.JPG\"\r\n           data-image-id=\"111\"\r\n           data-title=\"IMG_5079\"\r\n           data-description=\"\"\r\n           class=\"ngg-fancybox\" rel=\"5b984ba5aaf8f8529426deb20425744a\">\r\n\r\n            <img data-image-id='111'\r\n                 title=\"\"\r\n                 alt=\"IMG_5079\"\r\n                 src=\"https:\/\/jeanette-wolff-schule-dortmund.de\/wordpress\/wp-content\/gallery\/tag-der-talente\/IMG_5079.JPG\"\r\n                 style=\"max-height: 380px;\"\/>\r\n        <\/a>\r\n\r\n        <\/div> \r\n<div id=\"ngg-image-8\" class=\"ngg-gallery-slideshow-image\" style=\"height:400px\">\r\n\r\n        <a href=\"https:\/\/jeanette-wolff-schule-dortmund.de\/wordpress\/wp-content\/gallery\/tag-der-talente\/IMG_5080.JPG\"\r\n           title=\"\"\r\n           data-src=\"https:\/\/jeanette-wolff-schule-dortmund.de\/wordpress\/wp-content\/gallery\/tag-der-talente\/IMG_5080.JPG\"\r\n           data-thumbnail=\"https:\/\/jeanette-wolff-schule-dortmund.de\/wordpress\/wp-content\/gallery\/tag-der-talente\/thumbs\/thumbs_IMG_5080.JPG\"\r\n           data-image-id=\"112\"\r\n           data-title=\"IMG_5080\"\r\n           data-description=\"\"\r\n           class=\"ngg-fancybox\" rel=\"5b984ba5aaf8f8529426deb20425744a\">\r\n\r\n            <img data-image-id='112'\r\n                 title=\"\"\r\n                 alt=\"IMG_5080\"\r\n                 src=\"https:\/\/jeanette-wolff-schule-dortmund.de\/wordpress\/wp-content\/gallery\/tag-der-talente\/IMG_5080.JPG\"\r\n                 style=\"max-height: 380px;\"\/>\r\n        <\/a>\r\n\r\n        <\/div> \r\n<\/div>\r\n\r\n\r\n\t\t<!-- Thumbnails Link -->\r\n\t<div class=\"slideshowlink\" style=\"max-width: 600px;\">\r\n        <a href='https:\/\/jeanette-wolff-schule-dortmund.de\/wordpress\/tag-der-talente-2019\/nggallery\/thumbnails'>[Show thumbnails]<\/a>\r\n\t<\/div>\r\n\r\n\n","protected":false},"excerpt":{"rendered":"<p>&nbsp; Zw\u00f6lf Sch\u00fclerinnen und Sch\u00fcler der Jeanette-Wolff-Schule am Mengeder Markt nahmen in diesem Jahr am mittlerweile 4. Tag der Talente teil. Die Veranstaltung unter dem Motto \u201eTecLab NordWest &#8211; mach die neuen Technologien zu deinen!\u201c fand diesmal im Heinrich-Heine-Gymnasium in Nette statt. Denn passend zum Titel wurde das neue Technologielabor des HHG gleichzeitig durch Oberb\u00fcrgermeister [&hellip;]<\/p>\n","protected":false},"author":1,"featured_media":0,"comment_status":"closed","ping_status":"closed","sticky":false,"template":"","format":"standard","meta":{"ngg_post_thumbnail":0,"footnotes":""},"categories":[1,28],"tags":[],"class_list":["post-1817","post","type-post","status-publish","format-standard","hentry","category-allgemein","category-unterricht"],"_links":{"self":[{"href":"https:\/\/jeanette-wolff-schule-dortmund.de\/wordpress\/wp-json\/wp\/v2\/posts\/1817","targetHints":{"allow":["GET"]}}],"collection":[{"href":"https:\/\/jeanette-wolff-schule-dortmund.de\/wordpress\/wp-json\/wp\/v2\/posts"}],"about":[{"href":"https:\/\/jeanette-wolff-schule-dortmund.de\/wordpress\/wp-json\/wp\/v2\/types\/post"}],"author":[{"embeddable":true,"href":"https:\/\/jeanette-wolff-schule-dortmund.de\/wordpress\/wp-json\/wp\/v2\/users\/1"}],"replies":[{"embeddable":true,"href":"https:\/\/jeanette-wolff-schule-dortmund.de\/wordpress\/wp-json\/wp\/v2\/comments?post=1817"}],"version-history":[{"count":3,"href":"https:\/\/jeanette-wolff-schule-dortmund.de\/wordpress\/wp-json\/wp\/v2\/posts\/1817\/revisions"}],"predecessor-version":[{"id":1821,"href":"https:\/\/jeanette-wolff-schule-dortmund.de\/wordpress\/wp-json\/wp\/v2\/posts\/1817\/revisions\/1821"}],"wp:attachment":[{"href":"https:\/\/jeanette-wolff-schule-dortmund.de\/wordpress\/wp-json\/wp\/v2\/media?parent=1817"}],"wp:term":[{"taxonomy":"category","embeddable":true,"href":"https:\/\/jeanette-wolff-schule-dortmund.de\/wordpress\/wp-json\/wp\/v2\/categories?post=1817"},{"taxonomy":"post_tag","embeddable":true,"href":"https:\/\/jeanette-wolff-schule-dortmund.de\/wordpress\/wp-json\/wp\/v2\/tags?post=1817"}],"curies":[{"name":"wp","href":"https:\/\/api.w.org\/{rel}","templated":true}]}}