{"id":1903,"date":"2019-12-04T17:22:50","date_gmt":"2019-12-04T16:22:50","guid":{"rendered":"http:\/\/jeanette-wolff-schule-dortmund.de\/wordpress\/?p=1903"},"modified":"2019-12-04T17:53:00","modified_gmt":"2019-12-04T16:53:00","slug":"internationaler-vorlesetag-2019","status":"publish","type":"post","link":"https:\/\/jeanette-wolff-schule-dortmund.de\/wordpress\/internationaler-vorlesetag-2019\/","title":{"rendered":"Internationaler Vorlesetag 2019"},"content":{"rendered":"<div id=\"pl-1903\"  class=\"panel-layout\" ><div id=\"pg-1903-0\"  class=\"panel-grid panel-no-style\" ><div id=\"pgc-1903-0-0\"  class=\"panel-grid-cell\" ><div id=\"panel-1903-0-0-0\" class=\"so-panel widget widget_media_image panel-first-child panel-last-child\" data-index=\"0\" ><img loading=\"lazy\" decoding=\"async\" width=\"480\" height=\"640\" src=\"https:\/\/jeanette-wolff-schule-dortmund.de\/wordpress\/wp-content\/uploads\/6c2a051c-6d66-4d0f-96b0-d2ef64ca8d30.jpg\" class=\"image wp-image-1894  attachment-full size-full\" alt=\"\" style=\"max-width: 100%; height: auto;\" srcset=\"https:\/\/jeanette-wolff-schule-dortmund.de\/wordpress\/wp-content\/uploads\/6c2a051c-6d66-4d0f-96b0-d2ef64ca8d30.jpg 480w, https:\/\/jeanette-wolff-schule-dortmund.de\/wordpress\/wp-content\/uploads\/6c2a051c-6d66-4d0f-96b0-d2ef64ca8d30-225x300.jpg 225w, https:\/\/jeanette-wolff-schule-dortmund.de\/wordpress\/wp-content\/uploads\/6c2a051c-6d66-4d0f-96b0-d2ef64ca8d30-360x480.jpg 360w\" sizes=\"auto, (max-width: 480px) 100vw, 480px\" \/><\/div><\/div><\/div><div id=\"pg-1903-1\"  class=\"panel-grid panel-no-style\" ><div id=\"pgc-1903-1-0\"  class=\"panel-grid-cell\" ><div id=\"panel-1903-1-0-0\" class=\"so-panel widget widget_text panel-first-child panel-last-child\" data-index=\"1\" >\t\t\t<div class=\"textwidget\"><p>B\u00fccher, soweit das Auge reicht: Beim internationalen Vorlesetag am Freitag, 15.11.19 haben die Sch\u00fclerinnen und Sch\u00fcler der 5. und 6. Jahrgangsstufe einen tollen und abwechslungsreichen Projekttag verbracht.<\/p>\n<p>Einen ganzen Schultag lang konnten sie Geschichten lesen und h\u00f6ren, schm\u00f6kern, sich gruseln und lachen. An unterschiedlichen Stationen wurden Inhalte zum Thema erarbeitet, sodass eine bunte Mischung rund ums \u201eBuch\u201c entstand. So wurde es nie langweilig! Wer wollte, konnte auch eigene Titelseiten gestalten oder sich in einen Kinder-Krimi vertiefen.<\/p>\n<p>Und wer wei\u00df: Vielleicht hat an diesem Tag auch der ein oder andere ein neues Hobby gefunden\u2026.<\/p>\n<\/div>\n\t\t<\/div><\/div><\/div><div id=\"pg-1903-2\"  class=\"panel-grid panel-no-style\" ><div id=\"pgc-1903-2-0\"  class=\"panel-grid-cell\" ><div id=\"panel-1903-2-0-0\" class=\"so-panel widget widget_slideshow panel-first-child panel-last-child\" data-index=\"2\" ><h3 class=\"widget-title\">Slideshow<\/h3><div class=\"ngg_slideshow widget\">\r\n    \r\n\r\n<div class=\"ngg-galleryoverview ngg-slideshow\"\r\n\t id=\"ngg-slideshow-63473cd7b981f58badd613290720be38-11456645450\"\r\n     data-gallery-id=\"63473cd7b981f58badd613290720be38\"\r\n     style=\"max-width: 740px; max-height: 600px;\">\r\n\r\n \t<div id=\"ngg-image-0\" class=\"ngg-gallery-slideshow-image\" style=\"height:600px\">\r\n\r\n        <a href=\"https:\/\/jeanette-wolff-schule-dortmund.de\/wordpress\/wp-content\/gallery\/vorlesetag-2019\/3edc3e00-b640-42d0-ab53-61dfbf359f8d.JPG\"\r\n           title=\"\"\r\n           data-src=\"https:\/\/jeanette-wolff-schule-dortmund.de\/wordpress\/wp-content\/gallery\/vorlesetag-2019\/3edc3e00-b640-42d0-ab53-61dfbf359f8d.JPG\"\r\n           data-thumbnail=\"https:\/\/jeanette-wolff-schule-dortmund.de\/wordpress\/wp-content\/gallery\/vorlesetag-2019\/thumbs\/thumbs_3edc3e00-b640-42d0-ab53-61dfbf359f8d.JPG\"\r\n           data-image-id=\"130\"\r\n           data-title=\"3edc3e00-b640-42d0-ab53-61dfbf359f8d\"\r\n           data-description=\"\"\r\n           class=\"ngg-fancybox\" rel=\"63473cd7b981f58badd613290720be38\">\r\n\r\n            <img decoding=\"async\" data-image-id='130'\r\n                 title=\"\"\r\n                 alt=\"3edc3e00-b640-42d0-ab53-61dfbf359f8d\"\r\n                 src=\"https:\/\/jeanette-wolff-schule-dortmund.de\/wordpress\/wp-content\/gallery\/vorlesetag-2019\/3edc3e00-b640-42d0-ab53-61dfbf359f8d.JPG\"\r\n                 style=\"max-height: 580px;\"\/>\r\n        <\/a>\r\n\r\n        <\/div> \r\n<div id=\"ngg-image-1\" class=\"ngg-gallery-slideshow-image\" style=\"height:600px\">\r\n\r\n        <a href=\"https:\/\/jeanette-wolff-schule-dortmund.de\/wordpress\/wp-content\/gallery\/vorlesetag-2019\/6c2a051c-6d66-4d0f-96b0-d2ef64ca8d30.JPG\"\r\n           title=\"\"\r\n           data-src=\"https:\/\/jeanette-wolff-schule-dortmund.de\/wordpress\/wp-content\/gallery\/vorlesetag-2019\/6c2a051c-6d66-4d0f-96b0-d2ef64ca8d30.JPG\"\r\n           data-thumbnail=\"https:\/\/jeanette-wolff-schule-dortmund.de\/wordpress\/wp-content\/gallery\/vorlesetag-2019\/thumbs\/thumbs_6c2a051c-6d66-4d0f-96b0-d2ef64ca8d30.JPG\"\r\n           data-image-id=\"131\"\r\n           data-title=\"6c2a051c-6d66-4d0f-96b0-d2ef64ca8d30\"\r\n           data-description=\"\"\r\n           class=\"ngg-fancybox\" rel=\"63473cd7b981f58badd613290720be38\">\r\n\r\n            <img decoding=\"async\" data-image-id='131'\r\n                 title=\"\"\r\n                 alt=\"6c2a051c-6d66-4d0f-96b0-d2ef64ca8d30\"\r\n                 src=\"https:\/\/jeanette-wolff-schule-dortmund.de\/wordpress\/wp-content\/gallery\/vorlesetag-2019\/6c2a051c-6d66-4d0f-96b0-d2ef64ca8d30.JPG\"\r\n                 style=\"max-height: 580px;\"\/>\r\n        <\/a>\r\n\r\n        <\/div> \r\n<div id=\"ngg-image-2\" class=\"ngg-gallery-slideshow-image\" style=\"height:600px\">\r\n\r\n        <a href=\"https:\/\/jeanette-wolff-schule-dortmund.de\/wordpress\/wp-content\/gallery\/vorlesetag-2019\/7707cd41-8f8c-4dae-b796-6daa1422c50b.JPG\"\r\n           title=\"\"\r\n           data-src=\"https:\/\/jeanette-wolff-schule-dortmund.de\/wordpress\/wp-content\/gallery\/vorlesetag-2019\/7707cd41-8f8c-4dae-b796-6daa1422c50b.JPG\"\r\n           data-thumbnail=\"https:\/\/jeanette-wolff-schule-dortmund.de\/wordpress\/wp-content\/gallery\/vorlesetag-2019\/thumbs\/thumbs_7707cd41-8f8c-4dae-b796-6daa1422c50b.JPG\"\r\n           data-image-id=\"132\"\r\n           data-title=\"7707cd41-8f8c-4dae-b796-6daa1422c50b\"\r\n           data-description=\"\"\r\n           class=\"ngg-fancybox\" rel=\"63473cd7b981f58badd613290720be38\">\r\n\r\n            <img decoding=\"async\" data-image-id='132'\r\n                 title=\"\"\r\n                 alt=\"7707cd41-8f8c-4dae-b796-6daa1422c50b\"\r\n                 src=\"https:\/\/jeanette-wolff-schule-dortmund.de\/wordpress\/wp-content\/gallery\/vorlesetag-2019\/7707cd41-8f8c-4dae-b796-6daa1422c50b.JPG\"\r\n                 style=\"max-height: 580px;\"\/>\r\n        <\/a>\r\n\r\n        <\/div> \r\n<div id=\"ngg-image-3\" class=\"ngg-gallery-slideshow-image\" style=\"height:600px\">\r\n\r\n        <a href=\"https:\/\/jeanette-wolff-schule-dortmund.de\/wordpress\/wp-content\/gallery\/vorlesetag-2019\/aa6e2a21-01e2-4183-9441-56faf4b54c48.JPG\"\r\n           title=\"\"\r\n           data-src=\"https:\/\/jeanette-wolff-schule-dortmund.de\/wordpress\/wp-content\/gallery\/vorlesetag-2019\/aa6e2a21-01e2-4183-9441-56faf4b54c48.JPG\"\r\n           data-thumbnail=\"https:\/\/jeanette-wolff-schule-dortmund.de\/wordpress\/wp-content\/gallery\/vorlesetag-2019\/thumbs\/thumbs_aa6e2a21-01e2-4183-9441-56faf4b54c48.JPG\"\r\n           data-image-id=\"133\"\r\n           data-title=\"aa6e2a21-01e2-4183-9441-56faf4b54c48\"\r\n           data-description=\"\"\r\n           class=\"ngg-fancybox\" rel=\"63473cd7b981f58badd613290720be38\">\r\n\r\n            <img decoding=\"async\" data-image-id='133'\r\n                 title=\"\"\r\n                 alt=\"aa6e2a21-01e2-4183-9441-56faf4b54c48\"\r\n                 src=\"https:\/\/jeanette-wolff-schule-dortmund.de\/wordpress\/wp-content\/gallery\/vorlesetag-2019\/aa6e2a21-01e2-4183-9441-56faf4b54c48.JPG\"\r\n                 style=\"max-height: 580px;\"\/>\r\n        <\/a>\r\n\r\n        <\/div> \r\n<div id=\"ngg-image-4\" class=\"ngg-gallery-slideshow-image\" style=\"height:600px\">\r\n\r\n        <a href=\"https:\/\/jeanette-wolff-schule-dortmund.de\/wordpress\/wp-content\/gallery\/vorlesetag-2019\/d2d39ca1-738e-4258-979e-501d9cb07615.JPG\"\r\n           title=\"\"\r\n           data-src=\"https:\/\/jeanette-wolff-schule-dortmund.de\/wordpress\/wp-content\/gallery\/vorlesetag-2019\/d2d39ca1-738e-4258-979e-501d9cb07615.JPG\"\r\n           data-thumbnail=\"https:\/\/jeanette-wolff-schule-dortmund.de\/wordpress\/wp-content\/gallery\/vorlesetag-2019\/thumbs\/thumbs_d2d39ca1-738e-4258-979e-501d9cb07615.JPG\"\r\n           data-image-id=\"134\"\r\n           data-title=\"d2d39ca1-738e-4258-979e-501d9cb07615\"\r\n           data-description=\"\"\r\n           class=\"ngg-fancybox\" rel=\"63473cd7b981f58badd613290720be38\">\r\n\r\n            <img decoding=\"async\" data-image-id='134'\r\n                 title=\"\"\r\n                 alt=\"d2d39ca1-738e-4258-979e-501d9cb07615\"\r\n                 src=\"https:\/\/jeanette-wolff-schule-dortmund.de\/wordpress\/wp-content\/gallery\/vorlesetag-2019\/d2d39ca1-738e-4258-979e-501d9cb07615.JPG\"\r\n                 style=\"max-height: 580px;\"\/>\r\n        <\/a>\r\n\r\n        <\/div> \r\n<div id=\"ngg-image-5\" class=\"ngg-gallery-slideshow-image\" style=\"height:600px\">\r\n\r\n        <a href=\"https:\/\/jeanette-wolff-schule-dortmund.de\/wordpress\/wp-content\/gallery\/vorlesetag-2019\/d7ee9e56-29d5-425c-ab51-79f99bd50f7b.JPG\"\r\n           title=\"\"\r\n           data-src=\"https:\/\/jeanette-wolff-schule-dortmund.de\/wordpress\/wp-content\/gallery\/vorlesetag-2019\/d7ee9e56-29d5-425c-ab51-79f99bd50f7b.JPG\"\r\n           data-thumbnail=\"https:\/\/jeanette-wolff-schule-dortmund.de\/wordpress\/wp-content\/gallery\/vorlesetag-2019\/thumbs\/thumbs_d7ee9e56-29d5-425c-ab51-79f99bd50f7b.JPG\"\r\n           data-image-id=\"135\"\r\n           data-title=\"d7ee9e56-29d5-425c-ab51-79f99bd50f7b\"\r\n           data-description=\"\"\r\n           class=\"ngg-fancybox\" rel=\"63473cd7b981f58badd613290720be38\">\r\n\r\n            <img decoding=\"async\" data-image-id='135'\r\n                 title=\"\"\r\n                 alt=\"d7ee9e56-29d5-425c-ab51-79f99bd50f7b\"\r\n                 src=\"https:\/\/jeanette-wolff-schule-dortmund.de\/wordpress\/wp-content\/gallery\/vorlesetag-2019\/d7ee9e56-29d5-425c-ab51-79f99bd50f7b.JPG\"\r\n                 style=\"max-height: 580px;\"\/>\r\n        <\/a>\r\n\r\n        <\/div> \r\n<div id=\"ngg-image-6\" class=\"ngg-gallery-slideshow-image\" style=\"height:600px\">\r\n\r\n        <a href=\"https:\/\/jeanette-wolff-schule-dortmund.de\/wordpress\/wp-content\/gallery\/vorlesetag-2019\/de3dcfd1-944e-44b4-a40e-77ebd1584cdb.JPG\"\r\n           title=\"\"\r\n           data-src=\"https:\/\/jeanette-wolff-schule-dortmund.de\/wordpress\/wp-content\/gallery\/vorlesetag-2019\/de3dcfd1-944e-44b4-a40e-77ebd1584cdb.JPG\"\r\n           data-thumbnail=\"https:\/\/jeanette-wolff-schule-dortmund.de\/wordpress\/wp-content\/gallery\/vorlesetag-2019\/thumbs\/thumbs_de3dcfd1-944e-44b4-a40e-77ebd1584cdb.JPG\"\r\n           data-image-id=\"136\"\r\n           data-title=\"de3dcfd1-944e-44b4-a40e-77ebd1584cdb\"\r\n           data-description=\"\"\r\n           class=\"ngg-fancybox\" rel=\"63473cd7b981f58badd613290720be38\">\r\n\r\n            <img decoding=\"async\" data-image-id='136'\r\n                 title=\"\"\r\n                 alt=\"de3dcfd1-944e-44b4-a40e-77ebd1584cdb\"\r\n                 src=\"https:\/\/jeanette-wolff-schule-dortmund.de\/wordpress\/wp-content\/gallery\/vorlesetag-2019\/de3dcfd1-944e-44b4-a40e-77ebd1584cdb.JPG\"\r\n                 style=\"max-height: 580px;\"\/>\r\n        <\/a>\r\n\r\n        <\/div> \r\n<div id=\"ngg-image-7\" class=\"ngg-gallery-slideshow-image\" style=\"height:600px\">\r\n\r\n        <a href=\"https:\/\/jeanette-wolff-schule-dortmund.de\/wordpress\/wp-content\/gallery\/vorlesetag-2019\/f10a4bc3-cbd9-4ace-8a45-a50729b24659.JPG\"\r\n           title=\"\"\r\n           data-src=\"https:\/\/jeanette-wolff-schule-dortmund.de\/wordpress\/wp-content\/gallery\/vorlesetag-2019\/f10a4bc3-cbd9-4ace-8a45-a50729b24659.JPG\"\r\n           data-thumbnail=\"https:\/\/jeanette-wolff-schule-dortmund.de\/wordpress\/wp-content\/gallery\/vorlesetag-2019\/thumbs\/thumbs_f10a4bc3-cbd9-4ace-8a45-a50729b24659.JPG\"\r\n           data-image-id=\"137\"\r\n           data-title=\"f10a4bc3-cbd9-4ace-8a45-a50729b24659\"\r\n           data-description=\"\"\r\n           class=\"ngg-fancybox\" rel=\"63473cd7b981f58badd613290720be38\">\r\n\r\n            <img decoding=\"async\" data-image-id='137'\r\n                 title=\"\"\r\n                 alt=\"f10a4bc3-cbd9-4ace-8a45-a50729b24659\"\r\n                 src=\"https:\/\/jeanette-wolff-schule-dortmund.de\/wordpress\/wp-content\/gallery\/vorlesetag-2019\/f10a4bc3-cbd9-4ace-8a45-a50729b24659.JPG\"\r\n                 style=\"max-height: 580px;\"\/>\r\n        <\/a>\r\n\r\n        <\/div> \r\n<div id=\"ngg-image-8\" class=\"ngg-gallery-slideshow-image\" style=\"height:600px\">\r\n\r\n        <a href=\"https:\/\/jeanette-wolff-schule-dortmund.de\/wordpress\/wp-content\/gallery\/vorlesetag-2019\/fc0ff8ff-1af0-4562-8c17-1f5922f527fe.JPG\"\r\n           title=\"\"\r\n           data-src=\"https:\/\/jeanette-wolff-schule-dortmund.de\/wordpress\/wp-content\/gallery\/vorlesetag-2019\/fc0ff8ff-1af0-4562-8c17-1f5922f527fe.JPG\"\r\n           data-thumbnail=\"https:\/\/jeanette-wolff-schule-dortmund.de\/wordpress\/wp-content\/gallery\/vorlesetag-2019\/thumbs\/thumbs_fc0ff8ff-1af0-4562-8c17-1f5922f527fe.JPG\"\r\n           data-image-id=\"138\"\r\n           data-title=\"fc0ff8ff-1af0-4562-8c17-1f5922f527fe\"\r\n           data-description=\"\"\r\n           class=\"ngg-fancybox\" rel=\"63473cd7b981f58badd613290720be38\">\r\n\r\n            <img decoding=\"async\" data-image-id='138'\r\n                 title=\"\"\r\n                 alt=\"fc0ff8ff-1af0-4562-8c17-1f5922f527fe\"\r\n                 src=\"https:\/\/jeanette-wolff-schule-dortmund.de\/wordpress\/wp-content\/gallery\/vorlesetag-2019\/fc0ff8ff-1af0-4562-8c17-1f5922f527fe.JPG\"\r\n                 style=\"max-height: 580px;\"\/>\r\n        <\/a>\r\n\r\n        <\/div> \r\n<\/div>\r\n\r\n\r\n\r\n<\/div>\r\n<\/div><\/div><\/div><\/div>","protected":false},"excerpt":{"rendered":"<p>B\u00fccher, soweit das Auge reicht: Beim internationalen Vorlesetag am Freitag, 15.11.19 haben die Sch\u00fclerinnen und Sch\u00fcler der 5. und 6. Jahrgangsstufe einen tollen und abwechslungsreichen Projekttag verbracht. Einen ganzen Schultag lang konnten sie Geschichten lesen und h\u00f6ren, schm\u00f6kern, sich gruseln und lachen. An unterschiedlichen Stationen wurden Inhalte zum Thema erarbeitet, sodass eine bunte Mischung rund [&hellip;]<\/p>\n","protected":false},"author":1,"featured_media":0,"comment_status":"closed","ping_status":"closed","sticky":false,"template":"","format":"standard","meta":{"ngg_post_thumbnail":0,"footnotes":""},"categories":[1,28],"tags":[52,56,57,55,53,54,27,14,51],"class_list":["post-1903","post","type-post","status-publish","format-standard","hentry","category-allgemein","category-unterricht","tag-buecher","tag-klasse-5","tag-klasse-6","tag-krimi","tag-lesen","tag-literatur","tag-projekttag","tag-schulleben","tag-vorlesetag"],"_links":{"self":[{"href":"https:\/\/jeanette-wolff-schule-dortmund.de\/wordpress\/wp-json\/wp\/v2\/posts\/1903","targetHints":{"allow":["GET"]}}],"collection":[{"href":"https:\/\/jeanette-wolff-schule-dortmund.de\/wordpress\/wp-json\/wp\/v2\/posts"}],"about":[{"href":"https:\/\/jeanette-wolff-schule-dortmund.de\/wordpress\/wp-json\/wp\/v2\/types\/post"}],"author":[{"embeddable":true,"href":"https:\/\/jeanette-wolff-schule-dortmund.de\/wordpress\/wp-json\/wp\/v2\/users\/1"}],"replies":[{"embeddable":true,"href":"https:\/\/jeanette-wolff-schule-dortmund.de\/wordpress\/wp-json\/wp\/v2\/comments?post=1903"}],"version-history":[{"count":19,"href":"https:\/\/jeanette-wolff-schule-dortmund.de\/wordpress\/wp-json\/wp\/v2\/posts\/1903\/revisions"}],"predecessor-version":[{"id":1937,"href":"https:\/\/jeanette-wolff-schule-dortmund.de\/wordpress\/wp-json\/wp\/v2\/posts\/1903\/revisions\/1937"}],"wp:attachment":[{"href":"https:\/\/jeanette-wolff-schule-dortmund.de\/wordpress\/wp-json\/wp\/v2\/media?parent=1903"}],"wp:term":[{"taxonomy":"category","embeddable":true,"href":"https:\/\/jeanette-wolff-schule-dortmund.de\/wordpress\/wp-json\/wp\/v2\/categories?post=1903"},{"taxonomy":"post_tag","embeddable":true,"href":"https:\/\/jeanette-wolff-schule-dortmund.de\/wordpress\/wp-json\/wp\/v2\/tags?post=1903"}],"curies":[{"name":"wp","href":"https:\/\/api.w.org\/{rel}","templated":true}]}}