{"id":1939,"date":"2019-12-09T17:26:16","date_gmt":"2019-12-09T16:26:16","guid":{"rendered":"http:\/\/jeanette-wolff-schule-dortmund.de\/wordpress\/?p=1939"},"modified":"2019-12-09T17:26:19","modified_gmt":"2019-12-09T16:26:19","slug":"gestatten-andreas-burczyk-schulsozialarbeit","status":"publish","type":"post","link":"https:\/\/jeanette-wolff-schule-dortmund.de\/wordpress\/gestatten-andreas-burczyk-schulsozialarbeit\/","title":{"rendered":"Gestatten: Andreas Burczyk, Schulsozialarbeit"},"content":{"rendered":"<div id=\"pl-1939\"  class=\"panel-layout\" ><div id=\"pg-1939-0\"  class=\"panel-grid panel-no-style\" ><div id=\"pgc-1939-0-0\"  class=\"panel-grid-cell\" ><div id=\"panel-1939-0-0-0\" class=\"so-panel widget widget_text panel-first-child panel-last-child\" data-index=\"0\" >\t\t\t<div class=\"textwidget\"><p>Die ersten Kontakte zu unseren Sch\u00fclerinnen und Sch\u00fclern hat er bereits erfolgreich gekn\u00fcpft. Die Rede ist von Andreas Burczyk, dem neuen Schulsozialarbeiter an unserer Schule. Viele neugierige Blicke verfolgten das neue Gesicht in den Pausen, auf dem Flur oder in der Cafeteria. &#8222;Wer ist das?&#8220;, wurde das Lehrerkollegium anfangs des \u00f6fteren gefragt. Auch wenn die Frage mittlerweile beantwortet ist, m\u00f6chte sich der neue Schulsozialarbeiter an dieser Stelle noch einmal vorstellen.<\/p>\n<\/div>\n\t\t<\/div><\/div><\/div><div id=\"pg-1939-1\"  class=\"panel-grid panel-no-style\" ><div id=\"pgc-1939-1-0\"  class=\"panel-grid-cell\" ><div id=\"panel-1939-1-0-0\" class=\"so-panel widget widget_media_image panel-first-child panel-last-child\" data-index=\"1\" ><img loading=\"lazy\" decoding=\"async\" width=\"360\" height=\"480\" src=\"https:\/\/jeanette-wolff-schule-dortmund.de\/wordpress\/wp-content\/uploads\/Burczyk_Andreas-360x480.jpg\" class=\"image wp-image-1940  attachment-large size-large\" alt=\"\" style=\"max-width: 100%; height: auto;\" srcset=\"https:\/\/jeanette-wolff-schule-dortmund.de\/wordpress\/wp-content\/uploads\/Burczyk_Andreas-360x480.jpg 360w, https:\/\/jeanette-wolff-schule-dortmund.de\/wordpress\/wp-content\/uploads\/Burczyk_Andreas-225x300.jpg 225w, https:\/\/jeanette-wolff-schule-dortmund.de\/wordpress\/wp-content\/uploads\/Burczyk_Andreas-768x1024.jpg 768w, https:\/\/jeanette-wolff-schule-dortmund.de\/wordpress\/wp-content\/uploads\/Burczyk_Andreas-624x832.jpg 624w, https:\/\/jeanette-wolff-schule-dortmund.de\/wordpress\/wp-content\/uploads\/Burczyk_Andreas.jpg 1575w\" sizes=\"auto, (max-width: 360px) 100vw, 360px\" \/><\/div><\/div><div id=\"pgc-1939-1-1\"  class=\"panel-grid-cell\" ><div id=\"panel-1939-1-1-0\" class=\"so-panel widget widget_text panel-first-child panel-last-child\" data-index=\"2\" >\t\t\t<div class=\"textwidget\"><p>Hallo, liebe Sch\u00fcler\/innen und Erziehungsberechtigte,<\/p>\n<p>mein Name ist Andreas Burczyk, Diplom-Sozialarbeiter und Deeskalationstrainer und seit dem 1. Dezember 2019 f\u00fcr die Schulsozialarbeit an der Jeanette-Wolff-Schule am Mengeder Markt zust\u00e4ndig<\/p>\n<p><b>Zur Person<\/b><\/p>\n<p>Als Dipl.-Sozialarbeiter habe ich in verschiedenen Bereichen, wie station\u00e4ren, teilstation\u00e4ren sowohl der offenen Jugendarbeit seit fast 30 Jahren Erfahrung im Umgang mit Kindern, Jugendlichen, als auch deren Eltern gesammelt. Nach insgesamt \u00fcber 13 Jahren als Schulsozialarbeiter in Werne habe ich eine neue Herausforderung gesucht und gefunden und freue mich auf die Arbeit an der neuen Schule.<\/p>\n<p><a href=\"https:\/\/jeanette-wolff-schule-dortmund.de\/wordpress\/schulsozialarbeit\/\">mehr lesen<\/a><\/p>\n<\/div>\n\t\t<\/div><\/div><\/div><\/div>","protected":false},"excerpt":{"rendered":"<p>Die ersten Kontakte zu unseren Sch\u00fclerinnen und Sch\u00fclern hat er bereits erfolgreich gekn\u00fcpft. Die Rede ist von Andreas Burczyk, dem neuen Schulsozialarbeiter an unserer Schule. Viele neugierige Blicke verfolgten das neue Gesicht in den Pausen, auf dem Flur oder in der Cafeteria. &#8222;Wer ist das?&#8220;, wurde das Lehrerkollegium anfangs des \u00f6fteren gefragt. Auch wenn die [&hellip;]<\/p>\n","protected":false},"author":1,"featured_media":0,"comment_status":"closed","ping_status":"closed","sticky":false,"template":"","format":"standard","meta":{"ngg_post_thumbnail":0,"footnotes":""},"categories":[1,5],"tags":[64,21,65,34,12],"class_list":["post-1939","post","type-post","status-publish","format-standard","hentry","category-allgemein","category-schulleben","tag-deeskalation","tag-drogenpraevention","tag-hilfe","tag-sozialtraining","tag-zivilcourage"],"_links":{"self":[{"href":"https:\/\/jeanette-wolff-schule-dortmund.de\/wordpress\/wp-json\/wp\/v2\/posts\/1939","targetHints":{"allow":["GET"]}}],"collection":[{"href":"https:\/\/jeanette-wolff-schule-dortmund.de\/wordpress\/wp-json\/wp\/v2\/posts"}],"about":[{"href":"https:\/\/jeanette-wolff-schule-dortmund.de\/wordpress\/wp-json\/wp\/v2\/types\/post"}],"author":[{"embeddable":true,"href":"https:\/\/jeanette-wolff-schule-dortmund.de\/wordpress\/wp-json\/wp\/v2\/users\/1"}],"replies":[{"embeddable":true,"href":"https:\/\/jeanette-wolff-schule-dortmund.de\/wordpress\/wp-json\/wp\/v2\/comments?post=1939"}],"version-history":[{"count":18,"href":"https:\/\/jeanette-wolff-schule-dortmund.de\/wordpress\/wp-json\/wp\/v2\/posts\/1939\/revisions"}],"predecessor-version":[{"id":1960,"href":"https:\/\/jeanette-wolff-schule-dortmund.de\/wordpress\/wp-json\/wp\/v2\/posts\/1939\/revisions\/1960"}],"wp:attachment":[{"href":"https:\/\/jeanette-wolff-schule-dortmund.de\/wordpress\/wp-json\/wp\/v2\/media?parent=1939"}],"wp:term":[{"taxonomy":"category","embeddable":true,"href":"https:\/\/jeanette-wolff-schule-dortmund.de\/wordpress\/wp-json\/wp\/v2\/categories?post=1939"},{"taxonomy":"post_tag","embeddable":true,"href":"https:\/\/jeanette-wolff-schule-dortmund.de\/wordpress\/wp-json\/wp\/v2\/tags?post=1939"}],"curies":[{"name":"wp","href":"https:\/\/api.w.org\/{rel}","templated":true}]}}