{"id":1961,"date":"2019-12-09T17:59:23","date_gmt":"2019-12-09T16:59:23","guid":{"rendered":"http:\/\/jeanette-wolff-schule-dortmund.de\/wordpress\/?p=1961"},"modified":"2019-12-09T17:59:27","modified_gmt":"2019-12-09T16:59:27","slug":"was-soll-nur-aus-mir-werden","status":"publish","type":"post","link":"https:\/\/jeanette-wolff-schule-dortmund.de\/wordpress\/was-soll-nur-aus-mir-werden\/","title":{"rendered":"Was soll nur aus mir werden?"},"content":{"rendered":"<div id=\"pl-1961\"  class=\"panel-layout\" ><div id=\"pg-1961-0\"  class=\"panel-grid panel-no-style\" ><div id=\"pgc-1961-0-0\"  class=\"panel-grid-cell\" ><div id=\"panel-1961-0-0-0\" class=\"so-panel widget widget_text panel-first-child panel-last-child\" data-index=\"0\" >\t\t\t<div class=\"textwidget\"><p><strong>Berufswahlmesse zeigte viele M\u00f6glichkeiten<\/strong><\/p>\n<\/div>\n\t\t<\/div><\/div><\/div><div id=\"pg-1961-1\"  class=\"panel-grid panel-no-style\" ><div id=\"pgc-1961-1-0\"  class=\"panel-grid-cell\" ><div id=\"panel-1961-1-0-0\" class=\"so-panel widget widget_media_image panel-first-child panel-last-child\" data-index=\"1\" ><img loading=\"lazy\" decoding=\"async\" width=\"625\" height=\"469\" src=\"https:\/\/jeanette-wolff-schule-dortmund.de\/wordpress\/wp-content\/uploads\/IMG_5261-640x480.jpg\" class=\"image wp-image-1988  attachment-large size-large\" alt=\"\" style=\"max-width: 100%; height: auto;\" srcset=\"https:\/\/jeanette-wolff-schule-dortmund.de\/wordpress\/wp-content\/uploads\/IMG_5261-640x480.jpg 640w, https:\/\/jeanette-wolff-schule-dortmund.de\/wordpress\/wp-content\/uploads\/IMG_5261-300x225.jpg 300w, https:\/\/jeanette-wolff-schule-dortmund.de\/wordpress\/wp-content\/uploads\/IMG_5261-768x576.jpg 768w, https:\/\/jeanette-wolff-schule-dortmund.de\/wordpress\/wp-content\/uploads\/IMG_5261-624x468.jpg 624w, https:\/\/jeanette-wolff-schule-dortmund.de\/wordpress\/wp-content\/uploads\/IMG_5261.jpg 2016w\" sizes=\"auto, (max-width: 625px) 100vw, 625px\" \/><\/div><\/div><\/div><div id=\"pg-1961-2\"  class=\"panel-grid panel-no-style\" ><div id=\"pgc-1961-2-0\"  class=\"panel-grid-cell\" ><div id=\"panel-1961-2-0-0\" class=\"so-panel widget widget_text panel-first-child panel-last-child\" data-index=\"2\" >\t\t\t<div class=\"textwidget\"><p>Mit Spannung wurde die Berufswahlmesse von den Sch\u00fclerinnen und Sch\u00fclern erwartet. Und sie wurden nicht entt\u00e4uscht. Denn an zehn Stationen konnten sich unsere Sch\u00fclerinnen und Sch\u00fcler in unserer Sporthalle einen ersten Eindruck von unterschiedlichen Berufen aus dem Dienstleistungsgewerbe, dem Handwerk und dem sozialen Bereich machen, Fragen stellen, sich ausprobieren und\/oder einfach mal &#8222;reinschnuppern&#8220;.<\/p>\n<p>Vorgestellt wurden die Berufe Elektroanlagenmonteur\/in (Kl\u00f6pper Therm GmbH &amp; Co KG), Altenpfleger\/in (Spiels KG), Hotelfachfrau\/-mann (Kongress Dortmund GmbH), Solartechniker\/in sowie Elektroniker\/in Energie- und Geb\u00e4udetechnik (EnergieAgentur.NRW), KFZ-Mechatroniker\/in sowie Anlagenmechaniker\/in (Talentstadt), Chemikant\/in (Gasru\u00dfwerke), Elektroniker\/in f\u00fcr Automatisierungstechnik (DGW) und Berufsfelder in den Hellweg-Baum\u00e4rkten.<\/p>\n<p>Die Sch\u00fclerinnen und Sch\u00fcler waren mit Eifer bei der Sache und am Ende hatten einige neue Wunschberufe. Ein voller Erfolg also &#8211; nicht nur f\u00fcr unsere Sch\u00fclerinnen und Sch\u00fcler, von denen viele gleich Zusagen f\u00fcr m\u00f6gliche Praktika bekamen.<\/p>\n<\/div>\n\t\t<\/div><\/div><\/div><div id=\"pg-1961-3\"  class=\"panel-grid panel-no-style\" ><div id=\"pgc-1961-3-0\"  class=\"panel-grid-cell\" ><div id=\"panel-1961-3-0-0\" class=\"so-panel widget widget_slideshow panel-first-child panel-last-child\" data-index=\"3\" ><h3 class=\"widget-title\">Berufswahlmesse 2019<\/h3><div class=\"ngg_slideshow widget\">\r\n    \r\n\r\n<div class=\"ngg-galleryoverview ngg-slideshow\"\r\n\t id=\"ngg-slideshow-ed2abbd00a921b90b878e4eb7926eebc-8696783230\"\r\n     data-gallery-id=\"ed2abbd00a921b90b878e4eb7926eebc\"\r\n     style=\"max-width: 480px; max-height: 360px;\">\r\n\r\n \t<div id=\"ngg-image-0\" class=\"ngg-gallery-slideshow-image\" style=\"height:360px\">\r\n\r\n        <a href=\"https:\/\/jeanette-wolff-schule-dortmund.de\/wordpress\/wp-content\/gallery\/berufswahlmesse_2019\/IMG_5219.jpg\"\r\n           title=\"\"\r\n           data-src=\"https:\/\/jeanette-wolff-schule-dortmund.de\/wordpress\/wp-content\/gallery\/berufswahlmesse_2019\/IMG_5219.jpg\"\r\n           data-thumbnail=\"https:\/\/jeanette-wolff-schule-dortmund.de\/wordpress\/wp-content\/gallery\/berufswahlmesse_2019\/thumbs\/thumbs_IMG_5219.jpg\"\r\n           data-image-id=\"139\"\r\n           data-title=\"IMG_5219\"\r\n           data-description=\"\"\r\n           class=\"ngg-fancybox\" rel=\"ed2abbd00a921b90b878e4eb7926eebc\">\r\n\r\n            <img decoding=\"async\" data-image-id='139'\r\n                 title=\"\"\r\n                 alt=\"IMG_5219\"\r\n                 src=\"https:\/\/jeanette-wolff-schule-dortmund.de\/wordpress\/wp-content\/gallery\/berufswahlmesse_2019\/IMG_5219.jpg\"\r\n                 style=\"max-height: 340px;\"\/>\r\n        <\/a>\r\n\r\n        <\/div> \r\n<div id=\"ngg-image-1\" class=\"ngg-gallery-slideshow-image\" style=\"height:360px\">\r\n\r\n        <a href=\"https:\/\/jeanette-wolff-schule-dortmund.de\/wordpress\/wp-content\/gallery\/berufswahlmesse_2019\/IMG_5220.jpg\"\r\n           title=\"\"\r\n           data-src=\"https:\/\/jeanette-wolff-schule-dortmund.de\/wordpress\/wp-content\/gallery\/berufswahlmesse_2019\/IMG_5220.jpg\"\r\n           data-thumbnail=\"https:\/\/jeanette-wolff-schule-dortmund.de\/wordpress\/wp-content\/gallery\/berufswahlmesse_2019\/thumbs\/thumbs_IMG_5220.jpg\"\r\n           data-image-id=\"140\"\r\n           data-title=\"IMG_5220\"\r\n           data-description=\"\"\r\n           class=\"ngg-fancybox\" rel=\"ed2abbd00a921b90b878e4eb7926eebc\">\r\n\r\n            <img decoding=\"async\" data-image-id='140'\r\n                 title=\"\"\r\n                 alt=\"IMG_5220\"\r\n                 src=\"https:\/\/jeanette-wolff-schule-dortmund.de\/wordpress\/wp-content\/gallery\/berufswahlmesse_2019\/IMG_5220.jpg\"\r\n                 style=\"max-height: 340px;\"\/>\r\n        <\/a>\r\n\r\n        <\/div> \r\n<div id=\"ngg-image-2\" class=\"ngg-gallery-slideshow-image\" style=\"height:360px\">\r\n\r\n        <a href=\"https:\/\/jeanette-wolff-schule-dortmund.de\/wordpress\/wp-content\/gallery\/berufswahlmesse_2019\/IMG_5221.jpg\"\r\n           title=\"\"\r\n           data-src=\"https:\/\/jeanette-wolff-schule-dortmund.de\/wordpress\/wp-content\/gallery\/berufswahlmesse_2019\/IMG_5221.jpg\"\r\n           data-thumbnail=\"https:\/\/jeanette-wolff-schule-dortmund.de\/wordpress\/wp-content\/gallery\/berufswahlmesse_2019\/thumbs\/thumbs_IMG_5221.jpg\"\r\n           data-image-id=\"141\"\r\n           data-title=\"IMG_5221\"\r\n           data-description=\"\"\r\n           class=\"ngg-fancybox\" rel=\"ed2abbd00a921b90b878e4eb7926eebc\">\r\n\r\n            <img decoding=\"async\" data-image-id='141'\r\n                 title=\"\"\r\n                 alt=\"IMG_5221\"\r\n                 src=\"https:\/\/jeanette-wolff-schule-dortmund.de\/wordpress\/wp-content\/gallery\/berufswahlmesse_2019\/IMG_5221.jpg\"\r\n                 style=\"max-height: 340px;\"\/>\r\n        <\/a>\r\n\r\n        <\/div> \r\n<div id=\"ngg-image-3\" class=\"ngg-gallery-slideshow-image\" style=\"height:360px\">\r\n\r\n        <a href=\"https:\/\/jeanette-wolff-schule-dortmund.de\/wordpress\/wp-content\/gallery\/berufswahlmesse_2019\/IMG_5223.jpg\"\r\n           title=\"\"\r\n           data-src=\"https:\/\/jeanette-wolff-schule-dortmund.de\/wordpress\/wp-content\/gallery\/berufswahlmesse_2019\/IMG_5223.jpg\"\r\n           data-thumbnail=\"https:\/\/jeanette-wolff-schule-dortmund.de\/wordpress\/wp-content\/gallery\/berufswahlmesse_2019\/thumbs\/thumbs_IMG_5223.jpg\"\r\n           data-image-id=\"142\"\r\n           data-title=\"IMG_5223\"\r\n           data-description=\"\"\r\n           class=\"ngg-fancybox\" rel=\"ed2abbd00a921b90b878e4eb7926eebc\">\r\n\r\n            <img decoding=\"async\" data-image-id='142'\r\n                 title=\"\"\r\n                 alt=\"IMG_5223\"\r\n                 src=\"https:\/\/jeanette-wolff-schule-dortmund.de\/wordpress\/wp-content\/gallery\/berufswahlmesse_2019\/IMG_5223.jpg\"\r\n                 style=\"max-height: 340px;\"\/>\r\n        <\/a>\r\n\r\n        <\/div> \r\n<div id=\"ngg-image-4\" class=\"ngg-gallery-slideshow-image\" style=\"height:360px\">\r\n\r\n        <a href=\"https:\/\/jeanette-wolff-schule-dortmund.de\/wordpress\/wp-content\/gallery\/berufswahlmesse_2019\/IMG_5225.jpg\"\r\n           title=\"\"\r\n           data-src=\"https:\/\/jeanette-wolff-schule-dortmund.de\/wordpress\/wp-content\/gallery\/berufswahlmesse_2019\/IMG_5225.jpg\"\r\n           data-thumbnail=\"https:\/\/jeanette-wolff-schule-dortmund.de\/wordpress\/wp-content\/gallery\/berufswahlmesse_2019\/thumbs\/thumbs_IMG_5225.jpg\"\r\n           data-image-id=\"143\"\r\n           data-title=\"IMG_5225\"\r\n           data-description=\"\"\r\n           class=\"ngg-fancybox\" rel=\"ed2abbd00a921b90b878e4eb7926eebc\">\r\n\r\n            <img decoding=\"async\" data-image-id='143'\r\n                 title=\"\"\r\n                 alt=\"IMG_5225\"\r\n                 src=\"https:\/\/jeanette-wolff-schule-dortmund.de\/wordpress\/wp-content\/gallery\/berufswahlmesse_2019\/IMG_5225.jpg\"\r\n                 style=\"max-height: 340px;\"\/>\r\n        <\/a>\r\n\r\n        <\/div> \r\n<div id=\"ngg-image-5\" class=\"ngg-gallery-slideshow-image\" style=\"height:360px\">\r\n\r\n        <a href=\"https:\/\/jeanette-wolff-schule-dortmund.de\/wordpress\/wp-content\/gallery\/berufswahlmesse_2019\/IMG_5226.jpg\"\r\n           title=\"\"\r\n           data-src=\"https:\/\/jeanette-wolff-schule-dortmund.de\/wordpress\/wp-content\/gallery\/berufswahlmesse_2019\/IMG_5226.jpg\"\r\n           data-thumbnail=\"https:\/\/jeanette-wolff-schule-dortmund.de\/wordpress\/wp-content\/gallery\/berufswahlmesse_2019\/thumbs\/thumbs_IMG_5226.jpg\"\r\n           data-image-id=\"144\"\r\n           data-title=\"IMG_5226\"\r\n           data-description=\"\"\r\n           class=\"ngg-fancybox\" rel=\"ed2abbd00a921b90b878e4eb7926eebc\">\r\n\r\n            <img decoding=\"async\" data-image-id='144'\r\n                 title=\"\"\r\n                 alt=\"IMG_5226\"\r\n                 src=\"https:\/\/jeanette-wolff-schule-dortmund.de\/wordpress\/wp-content\/gallery\/berufswahlmesse_2019\/IMG_5226.jpg\"\r\n                 style=\"max-height: 340px;\"\/>\r\n        <\/a>\r\n\r\n        <\/div> \r\n<div id=\"ngg-image-6\" class=\"ngg-gallery-slideshow-image\" style=\"height:360px\">\r\n\r\n        <a href=\"https:\/\/jeanette-wolff-schule-dortmund.de\/wordpress\/wp-content\/gallery\/berufswahlmesse_2019\/IMG_5228.jpg\"\r\n           title=\"\"\r\n           data-src=\"https:\/\/jeanette-wolff-schule-dortmund.de\/wordpress\/wp-content\/gallery\/berufswahlmesse_2019\/IMG_5228.jpg\"\r\n           data-thumbnail=\"https:\/\/jeanette-wolff-schule-dortmund.de\/wordpress\/wp-content\/gallery\/berufswahlmesse_2019\/thumbs\/thumbs_IMG_5228.jpg\"\r\n           data-image-id=\"145\"\r\n           data-title=\"IMG_5228\"\r\n           data-description=\"\"\r\n           class=\"ngg-fancybox\" rel=\"ed2abbd00a921b90b878e4eb7926eebc\">\r\n\r\n            <img decoding=\"async\" data-image-id='145'\r\n                 title=\"\"\r\n                 alt=\"IMG_5228\"\r\n                 src=\"https:\/\/jeanette-wolff-schule-dortmund.de\/wordpress\/wp-content\/gallery\/berufswahlmesse_2019\/IMG_5228.jpg\"\r\n                 style=\"max-height: 340px;\"\/>\r\n        <\/a>\r\n\r\n        <\/div> \r\n<div id=\"ngg-image-7\" class=\"ngg-gallery-slideshow-image\" style=\"height:360px\">\r\n\r\n        <a href=\"https:\/\/jeanette-wolff-schule-dortmund.de\/wordpress\/wp-content\/gallery\/berufswahlmesse_2019\/IMG_5229.jpg\"\r\n           title=\"\"\r\n           data-src=\"https:\/\/jeanette-wolff-schule-dortmund.de\/wordpress\/wp-content\/gallery\/berufswahlmesse_2019\/IMG_5229.jpg\"\r\n           data-thumbnail=\"https:\/\/jeanette-wolff-schule-dortmund.de\/wordpress\/wp-content\/gallery\/berufswahlmesse_2019\/thumbs\/thumbs_IMG_5229.jpg\"\r\n           data-image-id=\"146\"\r\n           data-title=\"IMG_5229\"\r\n           data-description=\"\"\r\n           class=\"ngg-fancybox\" rel=\"ed2abbd00a921b90b878e4eb7926eebc\">\r\n\r\n            <img decoding=\"async\" data-image-id='146'\r\n                 title=\"\"\r\n                 alt=\"IMG_5229\"\r\n                 src=\"https:\/\/jeanette-wolff-schule-dortmund.de\/wordpress\/wp-content\/gallery\/berufswahlmesse_2019\/IMG_5229.jpg\"\r\n                 style=\"max-height: 340px;\"\/>\r\n        <\/a>\r\n\r\n        <\/div> \r\n<div id=\"ngg-image-8\" class=\"ngg-gallery-slideshow-image\" style=\"height:360px\">\r\n\r\n        <a href=\"https:\/\/jeanette-wolff-schule-dortmund.de\/wordpress\/wp-content\/gallery\/berufswahlmesse_2019\/IMG_5230.jpg\"\r\n           title=\"\"\r\n           data-src=\"https:\/\/jeanette-wolff-schule-dortmund.de\/wordpress\/wp-content\/gallery\/berufswahlmesse_2019\/IMG_5230.jpg\"\r\n           data-thumbnail=\"https:\/\/jeanette-wolff-schule-dortmund.de\/wordpress\/wp-content\/gallery\/berufswahlmesse_2019\/thumbs\/thumbs_IMG_5230.jpg\"\r\n           data-image-id=\"147\"\r\n           data-title=\"IMG_5230\"\r\n           data-description=\"\"\r\n           class=\"ngg-fancybox\" rel=\"ed2abbd00a921b90b878e4eb7926eebc\">\r\n\r\n            <img decoding=\"async\" data-image-id='147'\r\n                 title=\"\"\r\n                 alt=\"IMG_5230\"\r\n                 src=\"https:\/\/jeanette-wolff-schule-dortmund.de\/wordpress\/wp-content\/gallery\/berufswahlmesse_2019\/IMG_5230.jpg\"\r\n                 style=\"max-height: 340px;\"\/>\r\n        <\/a>\r\n\r\n        <\/div> \r\n<div id=\"ngg-image-9\" class=\"ngg-gallery-slideshow-image\" style=\"height:360px\">\r\n\r\n        <a href=\"https:\/\/jeanette-wolff-schule-dortmund.de\/wordpress\/wp-content\/gallery\/berufswahlmesse_2019\/IMG_5231.jpg\"\r\n           title=\"\"\r\n           data-src=\"https:\/\/jeanette-wolff-schule-dortmund.de\/wordpress\/wp-content\/gallery\/berufswahlmesse_2019\/IMG_5231.jpg\"\r\n           data-thumbnail=\"https:\/\/jeanette-wolff-schule-dortmund.de\/wordpress\/wp-content\/gallery\/berufswahlmesse_2019\/thumbs\/thumbs_IMG_5231.jpg\"\r\n           data-image-id=\"148\"\r\n           data-title=\"IMG_5231\"\r\n           data-description=\"\"\r\n           class=\"ngg-fancybox\" rel=\"ed2abbd00a921b90b878e4eb7926eebc\">\r\n\r\n            <img decoding=\"async\" data-image-id='148'\r\n                 title=\"\"\r\n                 alt=\"IMG_5231\"\r\n                 src=\"https:\/\/jeanette-wolff-schule-dortmund.de\/wordpress\/wp-content\/gallery\/berufswahlmesse_2019\/IMG_5231.jpg\"\r\n                 style=\"max-height: 340px;\"\/>\r\n        <\/a>\r\n\r\n        <\/div> \r\n<div id=\"ngg-image-10\" class=\"ngg-gallery-slideshow-image\" style=\"height:360px\">\r\n\r\n        <a href=\"https:\/\/jeanette-wolff-schule-dortmund.de\/wordpress\/wp-content\/gallery\/berufswahlmesse_2019\/IMG_5232.jpg\"\r\n           title=\"\"\r\n           data-src=\"https:\/\/jeanette-wolff-schule-dortmund.de\/wordpress\/wp-content\/gallery\/berufswahlmesse_2019\/IMG_5232.jpg\"\r\n           data-thumbnail=\"https:\/\/jeanette-wolff-schule-dortmund.de\/wordpress\/wp-content\/gallery\/berufswahlmesse_2019\/thumbs\/thumbs_IMG_5232.jpg\"\r\n           data-image-id=\"149\"\r\n           data-title=\"IMG_5232\"\r\n           data-description=\"\"\r\n           class=\"ngg-fancybox\" rel=\"ed2abbd00a921b90b878e4eb7926eebc\">\r\n\r\n            <img decoding=\"async\" data-image-id='149'\r\n                 title=\"\"\r\n                 alt=\"IMG_5232\"\r\n                 src=\"https:\/\/jeanette-wolff-schule-dortmund.de\/wordpress\/wp-content\/gallery\/berufswahlmesse_2019\/IMG_5232.jpg\"\r\n                 style=\"max-height: 340px;\"\/>\r\n        <\/a>\r\n\r\n        <\/div> \r\n<div id=\"ngg-image-11\" class=\"ngg-gallery-slideshow-image\" style=\"height:360px\">\r\n\r\n        <a href=\"https:\/\/jeanette-wolff-schule-dortmund.de\/wordpress\/wp-content\/gallery\/berufswahlmesse_2019\/IMG_5234.jpg\"\r\n           title=\"\"\r\n           data-src=\"https:\/\/jeanette-wolff-schule-dortmund.de\/wordpress\/wp-content\/gallery\/berufswahlmesse_2019\/IMG_5234.jpg\"\r\n           data-thumbnail=\"https:\/\/jeanette-wolff-schule-dortmund.de\/wordpress\/wp-content\/gallery\/berufswahlmesse_2019\/thumbs\/thumbs_IMG_5234.jpg\"\r\n           data-image-id=\"150\"\r\n           data-title=\"IMG_5234\"\r\n           data-description=\"\"\r\n           class=\"ngg-fancybox\" rel=\"ed2abbd00a921b90b878e4eb7926eebc\">\r\n\r\n            <img decoding=\"async\" data-image-id='150'\r\n                 title=\"\"\r\n                 alt=\"IMG_5234\"\r\n                 src=\"https:\/\/jeanette-wolff-schule-dortmund.de\/wordpress\/wp-content\/gallery\/berufswahlmesse_2019\/IMG_5234.jpg\"\r\n                 style=\"max-height: 340px;\"\/>\r\n        <\/a>\r\n\r\n        <\/div> \r\n<div id=\"ngg-image-12\" class=\"ngg-gallery-slideshow-image\" style=\"height:360px\">\r\n\r\n        <a href=\"https:\/\/jeanette-wolff-schule-dortmund.de\/wordpress\/wp-content\/gallery\/berufswahlmesse_2019\/IMG_5235.jpg\"\r\n           title=\"\"\r\n           data-src=\"https:\/\/jeanette-wolff-schule-dortmund.de\/wordpress\/wp-content\/gallery\/berufswahlmesse_2019\/IMG_5235.jpg\"\r\n           data-thumbnail=\"https:\/\/jeanette-wolff-schule-dortmund.de\/wordpress\/wp-content\/gallery\/berufswahlmesse_2019\/thumbs\/thumbs_IMG_5235.jpg\"\r\n           data-image-id=\"151\"\r\n           data-title=\"IMG_5235\"\r\n           data-description=\"\"\r\n           class=\"ngg-fancybox\" rel=\"ed2abbd00a921b90b878e4eb7926eebc\">\r\n\r\n            <img decoding=\"async\" data-image-id='151'\r\n                 title=\"\"\r\n                 alt=\"IMG_5235\"\r\n                 src=\"https:\/\/jeanette-wolff-schule-dortmund.de\/wordpress\/wp-content\/gallery\/berufswahlmesse_2019\/IMG_5235.jpg\"\r\n                 style=\"max-height: 340px;\"\/>\r\n        <\/a>\r\n\r\n        <\/div> \r\n<div id=\"ngg-image-13\" class=\"ngg-gallery-slideshow-image\" style=\"height:360px\">\r\n\r\n        <a href=\"https:\/\/jeanette-wolff-schule-dortmund.de\/wordpress\/wp-content\/gallery\/berufswahlmesse_2019\/IMG_5236.jpg\"\r\n           title=\"\"\r\n           data-src=\"https:\/\/jeanette-wolff-schule-dortmund.de\/wordpress\/wp-content\/gallery\/berufswahlmesse_2019\/IMG_5236.jpg\"\r\n           data-thumbnail=\"https:\/\/jeanette-wolff-schule-dortmund.de\/wordpress\/wp-content\/gallery\/berufswahlmesse_2019\/thumbs\/thumbs_IMG_5236.jpg\"\r\n           data-image-id=\"152\"\r\n           data-title=\"IMG_5236\"\r\n           data-description=\"\"\r\n           class=\"ngg-fancybox\" rel=\"ed2abbd00a921b90b878e4eb7926eebc\">\r\n\r\n            <img decoding=\"async\" data-image-id='152'\r\n                 title=\"\"\r\n                 alt=\"IMG_5236\"\r\n                 src=\"https:\/\/jeanette-wolff-schule-dortmund.de\/wordpress\/wp-content\/gallery\/berufswahlmesse_2019\/IMG_5236.jpg\"\r\n                 style=\"max-height: 340px;\"\/>\r\n        <\/a>\r\n\r\n        <\/div> \r\n<div id=\"ngg-image-14\" class=\"ngg-gallery-slideshow-image\" style=\"height:360px\">\r\n\r\n        <a href=\"https:\/\/jeanette-wolff-schule-dortmund.de\/wordpress\/wp-content\/gallery\/berufswahlmesse_2019\/IMG_5237.jpg\"\r\n           title=\"\"\r\n           data-src=\"https:\/\/jeanette-wolff-schule-dortmund.de\/wordpress\/wp-content\/gallery\/berufswahlmesse_2019\/IMG_5237.jpg\"\r\n           data-thumbnail=\"https:\/\/jeanette-wolff-schule-dortmund.de\/wordpress\/wp-content\/gallery\/berufswahlmesse_2019\/thumbs\/thumbs_IMG_5237.jpg\"\r\n           data-image-id=\"153\"\r\n           data-title=\"IMG_5237\"\r\n           data-description=\"\"\r\n           class=\"ngg-fancybox\" rel=\"ed2abbd00a921b90b878e4eb7926eebc\">\r\n\r\n            <img decoding=\"async\" data-image-id='153'\r\n                 title=\"\"\r\n                 alt=\"IMG_5237\"\r\n                 src=\"https:\/\/jeanette-wolff-schule-dortmund.de\/wordpress\/wp-content\/gallery\/berufswahlmesse_2019\/IMG_5237.jpg\"\r\n                 style=\"max-height: 340px;\"\/>\r\n        <\/a>\r\n\r\n        <\/div> \r\n<div id=\"ngg-image-15\" class=\"ngg-gallery-slideshow-image\" style=\"height:360px\">\r\n\r\n        <a href=\"https:\/\/jeanette-wolff-schule-dortmund.de\/wordpress\/wp-content\/gallery\/berufswahlmesse_2019\/IMG_5238.jpg\"\r\n           title=\"\"\r\n           data-src=\"https:\/\/jeanette-wolff-schule-dortmund.de\/wordpress\/wp-content\/gallery\/berufswahlmesse_2019\/IMG_5238.jpg\"\r\n           data-thumbnail=\"https:\/\/jeanette-wolff-schule-dortmund.de\/wordpress\/wp-content\/gallery\/berufswahlmesse_2019\/thumbs\/thumbs_IMG_5238.jpg\"\r\n           data-image-id=\"154\"\r\n           data-title=\"IMG_5238\"\r\n           data-description=\"\"\r\n           class=\"ngg-fancybox\" rel=\"ed2abbd00a921b90b878e4eb7926eebc\">\r\n\r\n            <img decoding=\"async\" data-image-id='154'\r\n                 title=\"\"\r\n                 alt=\"IMG_5238\"\r\n                 src=\"https:\/\/jeanette-wolff-schule-dortmund.de\/wordpress\/wp-content\/gallery\/berufswahlmesse_2019\/IMG_5238.jpg\"\r\n                 style=\"max-height: 340px;\"\/>\r\n        <\/a>\r\n\r\n        <\/div> \r\n<div id=\"ngg-image-16\" class=\"ngg-gallery-slideshow-image\" style=\"height:360px\">\r\n\r\n        <a href=\"https:\/\/jeanette-wolff-schule-dortmund.de\/wordpress\/wp-content\/gallery\/berufswahlmesse_2019\/IMG_5239.jpg\"\r\n           title=\"\"\r\n           data-src=\"https:\/\/jeanette-wolff-schule-dortmund.de\/wordpress\/wp-content\/gallery\/berufswahlmesse_2019\/IMG_5239.jpg\"\r\n           data-thumbnail=\"https:\/\/jeanette-wolff-schule-dortmund.de\/wordpress\/wp-content\/gallery\/berufswahlmesse_2019\/thumbs\/thumbs_IMG_5239.jpg\"\r\n           data-image-id=\"155\"\r\n           data-title=\"IMG_5239\"\r\n           data-description=\"\"\r\n           class=\"ngg-fancybox\" rel=\"ed2abbd00a921b90b878e4eb7926eebc\">\r\n\r\n            <img decoding=\"async\" data-image-id='155'\r\n                 title=\"\"\r\n                 alt=\"IMG_5239\"\r\n                 src=\"https:\/\/jeanette-wolff-schule-dortmund.de\/wordpress\/wp-content\/gallery\/berufswahlmesse_2019\/IMG_5239.jpg\"\r\n                 style=\"max-height: 340px;\"\/>\r\n        <\/a>\r\n\r\n        <\/div> \r\n<div id=\"ngg-image-17\" class=\"ngg-gallery-slideshow-image\" style=\"height:360px\">\r\n\r\n        <a href=\"https:\/\/jeanette-wolff-schule-dortmund.de\/wordpress\/wp-content\/gallery\/berufswahlmesse_2019\/IMG_5241.jpg\"\r\n           title=\"\"\r\n           data-src=\"https:\/\/jeanette-wolff-schule-dortmund.de\/wordpress\/wp-content\/gallery\/berufswahlmesse_2019\/IMG_5241.jpg\"\r\n           data-thumbnail=\"https:\/\/jeanette-wolff-schule-dortmund.de\/wordpress\/wp-content\/gallery\/berufswahlmesse_2019\/thumbs\/thumbs_IMG_5241.jpg\"\r\n           data-image-id=\"156\"\r\n           data-title=\"IMG_5241\"\r\n           data-description=\"\"\r\n           class=\"ngg-fancybox\" rel=\"ed2abbd00a921b90b878e4eb7926eebc\">\r\n\r\n            <img decoding=\"async\" data-image-id='156'\r\n                 title=\"\"\r\n                 alt=\"IMG_5241\"\r\n                 src=\"https:\/\/jeanette-wolff-schule-dortmund.de\/wordpress\/wp-content\/gallery\/berufswahlmesse_2019\/IMG_5241.jpg\"\r\n                 style=\"max-height: 340px;\"\/>\r\n        <\/a>\r\n\r\n        <\/div> \r\n<div id=\"ngg-image-18\" class=\"ngg-gallery-slideshow-image\" style=\"height:360px\">\r\n\r\n        <a href=\"https:\/\/jeanette-wolff-schule-dortmund.de\/wordpress\/wp-content\/gallery\/berufswahlmesse_2019\/IMG_5242.jpg\"\r\n           title=\"\"\r\n           data-src=\"https:\/\/jeanette-wolff-schule-dortmund.de\/wordpress\/wp-content\/gallery\/berufswahlmesse_2019\/IMG_5242.jpg\"\r\n           data-thumbnail=\"https:\/\/jeanette-wolff-schule-dortmund.de\/wordpress\/wp-content\/gallery\/berufswahlmesse_2019\/thumbs\/thumbs_IMG_5242.jpg\"\r\n           data-image-id=\"157\"\r\n           data-title=\"IMG_5242\"\r\n           data-description=\"\"\r\n           class=\"ngg-fancybox\" rel=\"ed2abbd00a921b90b878e4eb7926eebc\">\r\n\r\n            <img decoding=\"async\" data-image-id='157'\r\n                 title=\"\"\r\n                 alt=\"IMG_5242\"\r\n                 src=\"https:\/\/jeanette-wolff-schule-dortmund.de\/wordpress\/wp-content\/gallery\/berufswahlmesse_2019\/IMG_5242.jpg\"\r\n                 style=\"max-height: 340px;\"\/>\r\n        <\/a>\r\n\r\n        <\/div> \r\n<div id=\"ngg-image-19\" class=\"ngg-gallery-slideshow-image\" style=\"height:360px\">\r\n\r\n        <a href=\"https:\/\/jeanette-wolff-schule-dortmund.de\/wordpress\/wp-content\/gallery\/berufswahlmesse_2019\/IMG_5243.jpg\"\r\n           title=\"\"\r\n           data-src=\"https:\/\/jeanette-wolff-schule-dortmund.de\/wordpress\/wp-content\/gallery\/berufswahlmesse_2019\/IMG_5243.jpg\"\r\n           data-thumbnail=\"https:\/\/jeanette-wolff-schule-dortmund.de\/wordpress\/wp-content\/gallery\/berufswahlmesse_2019\/thumbs\/thumbs_IMG_5243.jpg\"\r\n           data-image-id=\"158\"\r\n           data-title=\"IMG_5243\"\r\n           data-description=\"\"\r\n           class=\"ngg-fancybox\" rel=\"ed2abbd00a921b90b878e4eb7926eebc\">\r\n\r\n            <img decoding=\"async\" data-image-id='158'\r\n                 title=\"\"\r\n                 alt=\"IMG_5243\"\r\n                 src=\"https:\/\/jeanette-wolff-schule-dortmund.de\/wordpress\/wp-content\/gallery\/berufswahlmesse_2019\/IMG_5243.jpg\"\r\n                 style=\"max-height: 340px;\"\/>\r\n        <\/a>\r\n\r\n        <\/div> \r\n<div id=\"ngg-image-20\" class=\"ngg-gallery-slideshow-image\" style=\"height:360px\">\r\n\r\n        <a href=\"https:\/\/jeanette-wolff-schule-dortmund.de\/wordpress\/wp-content\/gallery\/berufswahlmesse_2019\/IMG_5244.jpg\"\r\n           title=\"\"\r\n           data-src=\"https:\/\/jeanette-wolff-schule-dortmund.de\/wordpress\/wp-content\/gallery\/berufswahlmesse_2019\/IMG_5244.jpg\"\r\n           data-thumbnail=\"https:\/\/jeanette-wolff-schule-dortmund.de\/wordpress\/wp-content\/gallery\/berufswahlmesse_2019\/thumbs\/thumbs_IMG_5244.jpg\"\r\n           data-image-id=\"159\"\r\n           data-title=\"IMG_5244\"\r\n           data-description=\"\"\r\n           class=\"ngg-fancybox\" rel=\"ed2abbd00a921b90b878e4eb7926eebc\">\r\n\r\n            <img decoding=\"async\" data-image-id='159'\r\n                 title=\"\"\r\n                 alt=\"IMG_5244\"\r\n                 src=\"https:\/\/jeanette-wolff-schule-dortmund.de\/wordpress\/wp-content\/gallery\/berufswahlmesse_2019\/IMG_5244.jpg\"\r\n                 style=\"max-height: 340px;\"\/>\r\n        <\/a>\r\n\r\n        <\/div> \r\n<div id=\"ngg-image-21\" class=\"ngg-gallery-slideshow-image\" style=\"height:360px\">\r\n\r\n        <a href=\"https:\/\/jeanette-wolff-schule-dortmund.de\/wordpress\/wp-content\/gallery\/berufswahlmesse_2019\/IMG_5245.jpg\"\r\n           title=\"\"\r\n           data-src=\"https:\/\/jeanette-wolff-schule-dortmund.de\/wordpress\/wp-content\/gallery\/berufswahlmesse_2019\/IMG_5245.jpg\"\r\n           data-thumbnail=\"https:\/\/jeanette-wolff-schule-dortmund.de\/wordpress\/wp-content\/gallery\/berufswahlmesse_2019\/thumbs\/thumbs_IMG_5245.jpg\"\r\n           data-image-id=\"160\"\r\n           data-title=\"IMG_5245\"\r\n           data-description=\"\"\r\n           class=\"ngg-fancybox\" rel=\"ed2abbd00a921b90b878e4eb7926eebc\">\r\n\r\n            <img decoding=\"async\" data-image-id='160'\r\n                 title=\"\"\r\n                 alt=\"IMG_5245\"\r\n                 src=\"https:\/\/jeanette-wolff-schule-dortmund.de\/wordpress\/wp-content\/gallery\/berufswahlmesse_2019\/IMG_5245.jpg\"\r\n                 style=\"max-height: 340px;\"\/>\r\n        <\/a>\r\n\r\n        <\/div> \r\n<div id=\"ngg-image-22\" class=\"ngg-gallery-slideshow-image\" style=\"height:360px\">\r\n\r\n        <a href=\"https:\/\/jeanette-wolff-schule-dortmund.de\/wordpress\/wp-content\/gallery\/berufswahlmesse_2019\/IMG_5246.jpg\"\r\n           title=\"\"\r\n           data-src=\"https:\/\/jeanette-wolff-schule-dortmund.de\/wordpress\/wp-content\/gallery\/berufswahlmesse_2019\/IMG_5246.jpg\"\r\n           data-thumbnail=\"https:\/\/jeanette-wolff-schule-dortmund.de\/wordpress\/wp-content\/gallery\/berufswahlmesse_2019\/thumbs\/thumbs_IMG_5246.jpg\"\r\n           data-image-id=\"161\"\r\n           data-title=\"IMG_5246\"\r\n           data-description=\"\"\r\n           class=\"ngg-fancybox\" rel=\"ed2abbd00a921b90b878e4eb7926eebc\">\r\n\r\n            <img decoding=\"async\" data-image-id='161'\r\n                 title=\"\"\r\n                 alt=\"IMG_5246\"\r\n                 src=\"https:\/\/jeanette-wolff-schule-dortmund.de\/wordpress\/wp-content\/gallery\/berufswahlmesse_2019\/IMG_5246.jpg\"\r\n                 style=\"max-height: 340px;\"\/>\r\n        <\/a>\r\n\r\n        <\/div> \r\n<div id=\"ngg-image-23\" class=\"ngg-gallery-slideshow-image\" style=\"height:360px\">\r\n\r\n        <a href=\"https:\/\/jeanette-wolff-schule-dortmund.de\/wordpress\/wp-content\/gallery\/berufswahlmesse_2019\/IMG_5248.JPG\"\r\n           title=\"\"\r\n           data-src=\"https:\/\/jeanette-wolff-schule-dortmund.de\/wordpress\/wp-content\/gallery\/berufswahlmesse_2019\/IMG_5248.JPG\"\r\n           data-thumbnail=\"https:\/\/jeanette-wolff-schule-dortmund.de\/wordpress\/wp-content\/gallery\/berufswahlmesse_2019\/thumbs\/thumbs_IMG_5248.JPG\"\r\n           data-image-id=\"162\"\r\n           data-title=\"IMG_5248\"\r\n           data-description=\"\"\r\n           class=\"ngg-fancybox\" rel=\"ed2abbd00a921b90b878e4eb7926eebc\">\r\n\r\n            <img decoding=\"async\" data-image-id='162'\r\n                 title=\"\"\r\n                 alt=\"IMG_5248\"\r\n                 src=\"https:\/\/jeanette-wolff-schule-dortmund.de\/wordpress\/wp-content\/gallery\/berufswahlmesse_2019\/IMG_5248.JPG\"\r\n                 style=\"max-height: 340px;\"\/>\r\n        <\/a>\r\n\r\n        <\/div> \r\n<div id=\"ngg-image-24\" class=\"ngg-gallery-slideshow-image\" style=\"height:360px\">\r\n\r\n        <a href=\"https:\/\/jeanette-wolff-schule-dortmund.de\/wordpress\/wp-content\/gallery\/berufswahlmesse_2019\/IMG_5251.jpg\"\r\n           title=\"\"\r\n           data-src=\"https:\/\/jeanette-wolff-schule-dortmund.de\/wordpress\/wp-content\/gallery\/berufswahlmesse_2019\/IMG_5251.jpg\"\r\n           data-thumbnail=\"https:\/\/jeanette-wolff-schule-dortmund.de\/wordpress\/wp-content\/gallery\/berufswahlmesse_2019\/thumbs\/thumbs_IMG_5251.jpg\"\r\n           data-image-id=\"163\"\r\n           data-title=\"IMG_5251\"\r\n           data-description=\"\"\r\n           class=\"ngg-fancybox\" rel=\"ed2abbd00a921b90b878e4eb7926eebc\">\r\n\r\n            <img decoding=\"async\" data-image-id='163'\r\n                 title=\"\"\r\n                 alt=\"IMG_5251\"\r\n                 src=\"https:\/\/jeanette-wolff-schule-dortmund.de\/wordpress\/wp-content\/gallery\/berufswahlmesse_2019\/IMG_5251.jpg\"\r\n                 style=\"max-height: 340px;\"\/>\r\n        <\/a>\r\n\r\n        <\/div> \r\n<div id=\"ngg-image-25\" class=\"ngg-gallery-slideshow-image\" style=\"height:360px\">\r\n\r\n        <a href=\"https:\/\/jeanette-wolff-schule-dortmund.de\/wordpress\/wp-content\/gallery\/berufswahlmesse_2019\/IMG_5261.jpg\"\r\n           title=\"\"\r\n           data-src=\"https:\/\/jeanette-wolff-schule-dortmund.de\/wordpress\/wp-content\/gallery\/berufswahlmesse_2019\/IMG_5261.jpg\"\r\n           data-thumbnail=\"https:\/\/jeanette-wolff-schule-dortmund.de\/wordpress\/wp-content\/gallery\/berufswahlmesse_2019\/thumbs\/thumbs_IMG_5261.jpg\"\r\n           data-image-id=\"164\"\r\n           data-title=\"IMG_5261\"\r\n           data-description=\"\"\r\n           class=\"ngg-fancybox\" rel=\"ed2abbd00a921b90b878e4eb7926eebc\">\r\n\r\n            <img decoding=\"async\" data-image-id='164'\r\n                 title=\"\"\r\n                 alt=\"IMG_5261\"\r\n                 src=\"https:\/\/jeanette-wolff-schule-dortmund.de\/wordpress\/wp-content\/gallery\/berufswahlmesse_2019\/IMG_5261.jpg\"\r\n                 style=\"max-height: 340px;\"\/>\r\n        <\/a>\r\n\r\n        <\/div> \r\n<\/div>\r\n\r\n\r\n\r\n<\/div>\r\n<\/div><\/div><\/div><div id=\"pg-1961-4\"  class=\"panel-grid panel-no-style\" ><div id=\"pgc-1961-4-0\"  class=\"panel-grid-cell\" ><div id=\"panel-1961-4-0-0\" class=\"so-panel widget widget_media_image panel-first-child panel-last-child\" data-index=\"4\" ><img loading=\"lazy\" decoding=\"async\" width=\"625\" height=\"143\" src=\"https:\/\/jeanette-wolff-schule-dortmund.de\/wordpress\/wp-content\/uploads\/IMG_5248-640x146.jpg\" class=\"image wp-image-1986  attachment-large size-large\" alt=\"\" style=\"max-width: 100%; height: auto;\" srcset=\"https:\/\/jeanette-wolff-schule-dortmund.de\/wordpress\/wp-content\/uploads\/IMG_5248.jpg 640w, https:\/\/jeanette-wolff-schule-dortmund.de\/wordpress\/wp-content\/uploads\/IMG_5248-300x68.jpg 300w, https:\/\/jeanette-wolff-schule-dortmund.de\/wordpress\/wp-content\/uploads\/IMG_5248-624x142.jpg 624w\" sizes=\"auto, (max-width: 625px) 100vw, 625px\" \/><\/div><\/div><\/div><\/div>","protected":false},"excerpt":{"rendered":"<p>Berufswahlmesse zeigte viele M\u00f6glichkeiten<\/p>\n","protected":false},"author":1,"featured_media":0,"comment_status":"closed","ping_status":"closed","sticky":false,"template":"","format":"standard","meta":{"ngg_post_thumbnail":0,"footnotes":""},"categories":[1,5],"tags":[66,69,67,20,68,70,71],"class_list":["post-1961","post","type-post","status-publish","format-standard","hentry","category-allgemein","category-schulleben","tag-abschluss","tag-ausbildung","tag-beruf","tag-berufsorientierung","tag-job","tag-praktikum","tag-zukunft"],"_links":{"self":[{"href":"https:\/\/jeanette-wolff-schule-dortmund.de\/wordpress\/wp-json\/wp\/v2\/posts\/1961","targetHints":{"allow":["GET"]}}],"collection":[{"href":"https:\/\/jeanette-wolff-schule-dortmund.de\/wordpress\/wp-json\/wp\/v2\/posts"}],"about":[{"href":"https:\/\/jeanette-wolff-schule-dortmund.de\/wordpress\/wp-json\/wp\/v2\/types\/post"}],"author":[{"embeddable":true,"href":"https:\/\/jeanette-wolff-schule-dortmund.de\/wordpress\/wp-json\/wp\/v2\/users\/1"}],"replies":[{"embeddable":true,"href":"https:\/\/jeanette-wolff-schule-dortmund.de\/wordpress\/wp-json\/wp\/v2\/comments?post=1961"}],"version-history":[{"count":11,"href":"https:\/\/jeanette-wolff-schule-dortmund.de\/wordpress\/wp-json\/wp\/v2\/posts\/1961\/revisions"}],"predecessor-version":[{"id":2025,"href":"https:\/\/jeanette-wolff-schule-dortmund.de\/wordpress\/wp-json\/wp\/v2\/posts\/1961\/revisions\/2025"}],"wp:attachment":[{"href":"https:\/\/jeanette-wolff-schule-dortmund.de\/wordpress\/wp-json\/wp\/v2\/media?parent=1961"}],"wp:term":[{"taxonomy":"category","embeddable":true,"href":"https:\/\/jeanette-wolff-schule-dortmund.de\/wordpress\/wp-json\/wp\/v2\/categories?post=1961"},{"taxonomy":"post_tag","embeddable":true,"href":"https:\/\/jeanette-wolff-schule-dortmund.de\/wordpress\/wp-json\/wp\/v2\/tags?post=1961"}],"curies":[{"name":"wp","href":"https:\/\/api.w.org\/{rel}","templated":true}]}}