{"id":2830,"date":"2022-02-10T17:01:19","date_gmt":"2022-02-10T16:01:19","guid":{"rendered":"https:\/\/jeanette-wolff-schule-dortmund.de\/wordpress\/?p=2830"},"modified":"2022-03-17T19:58:57","modified_gmt":"2022-03-17T18:58:57","slug":"jws-ab-sofort-auch-auf-instagram","status":"publish","type":"post","link":"https:\/\/jeanette-wolff-schule-dortmund.de\/wordpress\/jws-ab-sofort-auch-auf-instagram\/","title":{"rendered":"JWS ab sofort auch auf Instagram"},"content":{"rendered":"<div id=\"pl-2830\"  class=\"panel-layout\" ><div id=\"pg-2830-0\"  class=\"panel-grid panel-no-style\" ><div id=\"pgc-2830-0-0\"  class=\"panel-grid-cell\" ><div id=\"panel-2830-0-0-0\" class=\"so-panel widget widget_media_image panel-first-child panel-last-child\" data-index=\"0\" ><img loading=\"lazy\" decoding=\"async\" width=\"293\" height=\"300\" src=\"https:\/\/jeanette-wolff-schule-dortmund.de\/wordpress\/wp-content\/uploads\/26C83B91-3B61-4D5C-877D-716C7B3F957F-293x300.jpeg\" class=\"image wp-image-2864  attachment-medium size-medium\" alt=\"\" style=\"max-width: 100%; height: auto;\" srcset=\"https:\/\/jeanette-wolff-schule-dortmund.de\/wordpress\/wp-content\/uploads\/26C83B91-3B61-4D5C-877D-716C7B3F957F-293x300.jpeg 293w, https:\/\/jeanette-wolff-schule-dortmund.de\/wordpress\/wp-content\/uploads\/26C83B91-3B61-4D5C-877D-716C7B3F957F-469x480.jpeg 469w, https:\/\/jeanette-wolff-schule-dortmund.de\/wordpress\/wp-content\/uploads\/26C83B91-3B61-4D5C-877D-716C7B3F957F-768x786.jpeg 768w, https:\/\/jeanette-wolff-schule-dortmund.de\/wordpress\/wp-content\/uploads\/26C83B91-3B61-4D5C-877D-716C7B3F957F-624x639.jpeg 624w, https:\/\/jeanette-wolff-schule-dortmund.de\/wordpress\/wp-content\/uploads\/26C83B91-3B61-4D5C-877D-716C7B3F957F.jpeg 1055w\" sizes=\"auto, (max-width: 293px) 100vw, 293px\" \/><\/div><\/div><\/div><div id=\"pg-2830-1\"  class=\"panel-grid panel-no-style\" ><div id=\"pgc-2830-1-0\"  class=\"panel-grid-cell\" ><div id=\"panel-2830-1-0-0\" class=\"so-panel widget widget_text panel-first-child panel-last-child\" data-index=\"1\" >\t\t\t<div class=\"textwidget\"><p>Damit unsere Sch\u00fclerinnen und Sch\u00fcler, Eltern und Erziehungsberechtigte alle Infos noch schneller erreichen, sind wir ab sofort auch auf Instagram unterwegs. Unter dem Namen\u00a0<em>jeanettewolffschule<\/em> posten wir k\u00fcnftig aktueller und schneller als auf den bisherigen Kan\u00e4len alles Wissenswerte \u00fcber unsere Schule, Aktivit\u00e4ten und Veranstaltungen und vieles mehr. Bleiben Sie gespannt!<\/p>\n<p>Und damit Sie auch nichts verpassen: Oben rechts die <strong>Glocke<\/strong> f\u00fcr Benachrichtigungen <strong>aktivieren<\/strong>. So bleiben Sie immer auf dem aktuellen Stand.<\/p>\n<\/div>\n\t\t<\/div><\/div><\/div><\/div>","protected":false},"excerpt":{"rendered":"<p>Damit unsere Sch\u00fclerinnen und Sch\u00fcler, Eltern und Erziehungsberechtigte alle Infos noch schneller erreichen, sind wir ab sofort auch auf Instagram unterwegs. Unter dem Namen\u00a0jeanettewolffschule posten wir k\u00fcnftig aktueller und schneller als auf den bisherigen Kan\u00e4len alles Wissenswerte \u00fcber unsere Schule, Aktivit\u00e4ten und Veranstaltungen und vieles mehr. Bleiben Sie gespannt! Und damit Sie auch nichts verpassen: [&hellip;]<\/p>\n","protected":false},"author":1,"featured_media":0,"comment_status":"closed","ping_status":"closed","sticky":false,"template":"","format":"standard","meta":{"ngg_post_thumbnail":0,"footnotes":""},"categories":[1,5,6],"tags":[176,177,180,179,178],"class_list":["post-2830","post","type-post","status-publish","format-standard","hentry","category-allgemein","category-schulleben","category-wichtige-information","tag-infos","tag-instagram","tag-neuigkeiten","tag-news","tag-online"],"_links":{"self":[{"href":"https:\/\/jeanette-wolff-schule-dortmund.de\/wordpress\/wp-json\/wp\/v2\/posts\/2830","targetHints":{"allow":["GET"]}}],"collection":[{"href":"https:\/\/jeanette-wolff-schule-dortmund.de\/wordpress\/wp-json\/wp\/v2\/posts"}],"about":[{"href":"https:\/\/jeanette-wolff-schule-dortmund.de\/wordpress\/wp-json\/wp\/v2\/types\/post"}],"author":[{"embeddable":true,"href":"https:\/\/jeanette-wolff-schule-dortmund.de\/wordpress\/wp-json\/wp\/v2\/users\/1"}],"replies":[{"embeddable":true,"href":"https:\/\/jeanette-wolff-schule-dortmund.de\/wordpress\/wp-json\/wp\/v2\/comments?post=2830"}],"version-history":[{"count":7,"href":"https:\/\/jeanette-wolff-schule-dortmund.de\/wordpress\/wp-json\/wp\/v2\/posts\/2830\/revisions"}],"predecessor-version":[{"id":2869,"href":"https:\/\/jeanette-wolff-schule-dortmund.de\/wordpress\/wp-json\/wp\/v2\/posts\/2830\/revisions\/2869"}],"wp:attachment":[{"href":"https:\/\/jeanette-wolff-schule-dortmund.de\/wordpress\/wp-json\/wp\/v2\/media?parent=2830"}],"wp:term":[{"taxonomy":"category","embeddable":true,"href":"https:\/\/jeanette-wolff-schule-dortmund.de\/wordpress\/wp-json\/wp\/v2\/categories?post=2830"},{"taxonomy":"post_tag","embeddable":true,"href":"https:\/\/jeanette-wolff-schule-dortmund.de\/wordpress\/wp-json\/wp\/v2\/tags?post=2830"}],"curies":[{"name":"wp","href":"https:\/\/api.w.org\/{rel}","templated":true}]}}