{"id":3221,"date":"2025-03-06T20:51:19","date_gmt":"2025-03-06T19:51:19","guid":{"rendered":"https:\/\/jeanette-wolff-schule-dortmund.de\/wordpress\/?p=3221"},"modified":"2025-03-06T20:52:35","modified_gmt":"2025-03-06T19:52:35","slug":"unsere-schuelerin-des-monats","status":"publish","type":"post","link":"https:\/\/jeanette-wolff-schule-dortmund.de\/wordpress\/unsere-schuelerin-des-monats\/","title":{"rendered":"Unsere Sch\u00fclerin des Monats"},"content":{"rendered":"\n<figure class=\"wp-block-image size-large\"><img loading=\"lazy\" decoding=\"async\" width=\"474\" height=\"480\" src=\"https:\/\/jeanette-wolff-schule-dortmund.de\/wordpress\/wp-content\/uploads\/6ba71f41-5337-4aa7-9958-b4468b190e9f-474x480.jpg\" alt=\"\" class=\"wp-image-3222\" srcset=\"https:\/\/jeanette-wolff-schule-dortmund.de\/wordpress\/wp-content\/uploads\/6ba71f41-5337-4aa7-9958-b4468b190e9f-474x480.jpg 474w, https:\/\/jeanette-wolff-schule-dortmund.de\/wordpress\/wp-content\/uploads\/6ba71f41-5337-4aa7-9958-b4468b190e9f-296x300.jpg 296w, https:\/\/jeanette-wolff-schule-dortmund.de\/wordpress\/wp-content\/uploads\/6ba71f41-5337-4aa7-9958-b4468b190e9f-768x777.jpg 768w, https:\/\/jeanette-wolff-schule-dortmund.de\/wordpress\/wp-content\/uploads\/6ba71f41-5337-4aa7-9958-b4468b190e9f-1518x1536.jpg 1518w, https:\/\/jeanette-wolff-schule-dortmund.de\/wordpress\/wp-content\/uploads\/6ba71f41-5337-4aa7-9958-b4468b190e9f-624x632.jpg 624w, https:\/\/jeanette-wolff-schule-dortmund.de\/wordpress\/wp-content\/uploads\/6ba71f41-5337-4aa7-9958-b4468b190e9f.jpg 1907w\" sizes=\"auto, (max-width: 474px) 100vw, 474px\" \/><\/figure>\n\n\n\n<p>Keysha ist unsere Sch\u00fclerin des Monats M\u00e4rz!<\/p>\n\n\n\n<p>In ihrer Klasse 9d ist Keysha sehr beliebt. Sie ist immer freundlich, hilfsbereit und total zuverl\u00e4ssig.<br>Und das kommt ihr auch bei ihrem Praktikum zugute: Der Kindergarten Westerfilde ist so begeistert von Keysha, dass sie die Zusage f\u00fcr die Ausbildung als Kinderpflegerin schon in der Tasche hat.<\/p>\n\n\n\n<p>Wir als Schulgemeinschaft sind begeistert von deiner Entwicklung, liebe Keysha, und sind sehr stolz auf dich.<br>Weiter so!<\/p>\n","protected":false},"excerpt":{"rendered":"<p>Keysha ist unsere Sch\u00fclerin des Monats M\u00e4rz! In ihrer Klasse 9d ist Keysha sehr beliebt. Sie ist immer freundlich, hilfsbereit und total zuverl\u00e4ssig.Und das kommt ihr auch bei ihrem Praktikum zugute: Der Kindergarten Westerfilde ist so begeistert von Keysha, dass sie die Zusage f\u00fcr die Ausbildung als Kinderpflegerin schon in der Tasche hat. Wir als [&hellip;]<\/p>\n","protected":false},"author":1,"featured_media":0,"comment_status":"closed","ping_status":"closed","sticky":false,"template":"","format":"standard","meta":{"ngg_post_thumbnail":0,"footnotes":""},"categories":[1,5],"tags":[201,14],"class_list":["post-3221","post","type-post","status-publish","format-standard","hentry","category-allgemein","category-schulleben","tag-schuelerin-des-monats","tag-schulleben"],"_links":{"self":[{"href":"https:\/\/jeanette-wolff-schule-dortmund.de\/wordpress\/wp-json\/wp\/v2\/posts\/3221","targetHints":{"allow":["GET"]}}],"collection":[{"href":"https:\/\/jeanette-wolff-schule-dortmund.de\/wordpress\/wp-json\/wp\/v2\/posts"}],"about":[{"href":"https:\/\/jeanette-wolff-schule-dortmund.de\/wordpress\/wp-json\/wp\/v2\/types\/post"}],"author":[{"embeddable":true,"href":"https:\/\/jeanette-wolff-schule-dortmund.de\/wordpress\/wp-json\/wp\/v2\/users\/1"}],"replies":[{"embeddable":true,"href":"https:\/\/jeanette-wolff-schule-dortmund.de\/wordpress\/wp-json\/wp\/v2\/comments?post=3221"}],"version-history":[{"count":1,"href":"https:\/\/jeanette-wolff-schule-dortmund.de\/wordpress\/wp-json\/wp\/v2\/posts\/3221\/revisions"}],"predecessor-version":[{"id":3223,"href":"https:\/\/jeanette-wolff-schule-dortmund.de\/wordpress\/wp-json\/wp\/v2\/posts\/3221\/revisions\/3223"}],"wp:attachment":[{"href":"https:\/\/jeanette-wolff-schule-dortmund.de\/wordpress\/wp-json\/wp\/v2\/media?parent=3221"}],"wp:term":[{"taxonomy":"category","embeddable":true,"href":"https:\/\/jeanette-wolff-schule-dortmund.de\/wordpress\/wp-json\/wp\/v2\/categories?post=3221"},{"taxonomy":"post_tag","embeddable":true,"href":"https:\/\/jeanette-wolff-schule-dortmund.de\/wordpress\/wp-json\/wp\/v2\/tags?post=3221"}],"curies":[{"name":"wp","href":"https:\/\/api.w.org\/{rel}","templated":true}]}}