{"id":3237,"date":"2025-04-30T21:37:51","date_gmt":"2025-04-30T19:37:51","guid":{"rendered":"https:\/\/jeanette-wolff-schule-dortmund.de\/wordpress\/?p=3237"},"modified":"2025-04-30T21:37:51","modified_gmt":"2025-04-30T19:37:51","slug":"unser-schueler-des-monats-april","status":"publish","type":"post","link":"https:\/\/jeanette-wolff-schule-dortmund.de\/wordpress\/unser-schueler-des-monats-april\/","title":{"rendered":"Unser Sch\u00fcler des Monats April"},"content":{"rendered":"\n<figure class=\"wp-block-image size-large\"><img loading=\"lazy\" decoding=\"async\" width=\"480\" height=\"480\" src=\"https:\/\/jeanette-wolff-schule-dortmund.de\/wordpress\/wp-content\/uploads\/april-480x480.jpg\" alt=\"\" class=\"wp-image-3239\" srcset=\"https:\/\/jeanette-wolff-schule-dortmund.de\/wordpress\/wp-content\/uploads\/april-480x480.jpg 480w, https:\/\/jeanette-wolff-schule-dortmund.de\/wordpress\/wp-content\/uploads\/april-300x300.jpg 300w, https:\/\/jeanette-wolff-schule-dortmund.de\/wordpress\/wp-content\/uploads\/april-150x150.jpg 150w, https:\/\/jeanette-wolff-schule-dortmund.de\/wordpress\/wp-content\/uploads\/april-768x768.jpg 768w, https:\/\/jeanette-wolff-schule-dortmund.de\/wordpress\/wp-content\/uploads\/april-1536x1536.jpg 1536w, https:\/\/jeanette-wolff-schule-dortmund.de\/wordpress\/wp-content\/uploads\/april-624x624.jpg 624w, https:\/\/jeanette-wolff-schule-dortmund.de\/wordpress\/wp-content\/uploads\/april.jpg 1692w\" sizes=\"auto, (max-width: 480px) 100vw, 480px\" \/><\/figure>\n\n\n\n<p>Im April m\u00f6chten wir Orhan aus der 10A zum Sch\u00fcler des Monats k\u00fcren.<\/p>\n\n\n\n<p>Orhan hat alle an der Schule angebotenen Beratungsm\u00f6glichkeiten genutzt und f\u00fchrte zahlreiche Gespr\u00e4che mit Herrn vom Stein, seiner Klassenlehrerin Frau Klaas und Frau Schuchmann von der Arbeitsagentur.<br>Besonders hervorzuheben ist, dass er sich nach diesen Gespr\u00e4chen entschieden hat, eine Ausbildung zum Einzelhandelskaufmann bei LIDL zu beginnen.<\/p>\n\n\n\n<p>Mit seinem Engagement und seiner Entschlossenheit zeigt Orhan gro\u00dfes Verantwortungsbewusstsein und Weitblick.<br>Wir w\u00fcnschen ihm viel Erfolg auf seinem weiteren Weg und sind \u00fcberzeugt, dass er eine erfolgreiche berufliche Zukunft vor sich hat.<\/p>\n\n\n\n<p>Herzlichen Gl\u00fcckwunsch, Orhan!<\/p>\n","protected":false},"excerpt":{"rendered":"<p>Im April m\u00f6chten wir Orhan aus der 10A zum Sch\u00fcler des Monats k\u00fcren. Orhan hat alle an der Schule angebotenen Beratungsm\u00f6glichkeiten genutzt und f\u00fchrte zahlreiche Gespr\u00e4che mit Herrn vom Stein, seiner Klassenlehrerin Frau Klaas und Frau Schuchmann von der Arbeitsagentur.Besonders hervorzuheben ist, dass er sich nach diesen Gespr\u00e4chen entschieden hat, eine Ausbildung zum Einzelhandelskaufmann bei [&hellip;]<\/p>\n","protected":false},"author":1,"featured_media":0,"comment_status":"closed","ping_status":"closed","sticky":false,"template":"","format":"standard","meta":{"ngg_post_thumbnail":0,"footnotes":""},"categories":[1],"tags":[201,14],"class_list":["post-3237","post","type-post","status-publish","format-standard","hentry","category-allgemein","tag-schuelerin-des-monats","tag-schulleben"],"_links":{"self":[{"href":"https:\/\/jeanette-wolff-schule-dortmund.de\/wordpress\/wp-json\/wp\/v2\/posts\/3237","targetHints":{"allow":["GET"]}}],"collection":[{"href":"https:\/\/jeanette-wolff-schule-dortmund.de\/wordpress\/wp-json\/wp\/v2\/posts"}],"about":[{"href":"https:\/\/jeanette-wolff-schule-dortmund.de\/wordpress\/wp-json\/wp\/v2\/types\/post"}],"author":[{"embeddable":true,"href":"https:\/\/jeanette-wolff-schule-dortmund.de\/wordpress\/wp-json\/wp\/v2\/users\/1"}],"replies":[{"embeddable":true,"href":"https:\/\/jeanette-wolff-schule-dortmund.de\/wordpress\/wp-json\/wp\/v2\/comments?post=3237"}],"version-history":[{"count":2,"href":"https:\/\/jeanette-wolff-schule-dortmund.de\/wordpress\/wp-json\/wp\/v2\/posts\/3237\/revisions"}],"predecessor-version":[{"id":3240,"href":"https:\/\/jeanette-wolff-schule-dortmund.de\/wordpress\/wp-json\/wp\/v2\/posts\/3237\/revisions\/3240"}],"wp:attachment":[{"href":"https:\/\/jeanette-wolff-schule-dortmund.de\/wordpress\/wp-json\/wp\/v2\/media?parent=3237"}],"wp:term":[{"taxonomy":"category","embeddable":true,"href":"https:\/\/jeanette-wolff-schule-dortmund.de\/wordpress\/wp-json\/wp\/v2\/categories?post=3237"},{"taxonomy":"post_tag","embeddable":true,"href":"https:\/\/jeanette-wolff-schule-dortmund.de\/wordpress\/wp-json\/wp\/v2\/tags?post=3237"}],"curies":[{"name":"wp","href":"https:\/\/api.w.org\/{rel}","templated":true}]}}