{"id":3241,"date":"2025-04-30T21:42:33","date_gmt":"2025-04-30T19:42:33","guid":{"rendered":"https:\/\/jeanette-wolff-schule-dortmund.de\/wordpress\/?p=3241"},"modified":"2025-04-30T21:42:33","modified_gmt":"2025-04-30T19:42:33","slug":"ein-update-fuer-den-schulgarten","status":"publish","type":"post","link":"https:\/\/jeanette-wolff-schule-dortmund.de\/wordpress\/ein-update-fuer-den-schulgarten\/","title":{"rendered":"Ein Update f\u00fcr den Schulgarten"},"content":{"rendered":"\n<figure class=\"wp-block-gallery has-nested-images columns-default is-cropped wp-block-gallery-1 is-layout-flex wp-block-gallery-is-layout-flex\">\n<figure class=\"wp-block-image size-large\"><img loading=\"lazy\" decoding=\"async\" width=\"360\" height=\"480\" data-id=\"3243\" src=\"https:\/\/jeanette-wolff-schule-dortmund.de\/wordpress\/wp-content\/uploads\/garten1-1-360x480.jpg\" alt=\"\" class=\"wp-image-3243\" srcset=\"https:\/\/jeanette-wolff-schule-dortmund.de\/wordpress\/wp-content\/uploads\/garten1-1-360x480.jpg 360w, https:\/\/jeanette-wolff-schule-dortmund.de\/wordpress\/wp-content\/uploads\/garten1-1-225x300.jpg 225w, https:\/\/jeanette-wolff-schule-dortmund.de\/wordpress\/wp-content\/uploads\/garten1-1-768x1024.jpg 768w, https:\/\/jeanette-wolff-schule-dortmund.de\/wordpress\/wp-content\/uploads\/garten1-1-624x832.jpg 624w, https:\/\/jeanette-wolff-schule-dortmund.de\/wordpress\/wp-content\/uploads\/garten1-1.jpg 960w\" sizes=\"auto, (max-width: 360px) 100vw, 360px\" \/><\/figure>\n\n\n\n<figure class=\"wp-block-image size-large\"><img loading=\"lazy\" decoding=\"async\" width=\"640\" height=\"480\" data-id=\"3246\" src=\"https:\/\/jeanette-wolff-schule-dortmund.de\/wordpress\/wp-content\/uploads\/garten2-640x480.jpg\" alt=\"\" class=\"wp-image-3246\" srcset=\"https:\/\/jeanette-wolff-schule-dortmund.de\/wordpress\/wp-content\/uploads\/garten2-640x480.jpg 640w, https:\/\/jeanette-wolff-schule-dortmund.de\/wordpress\/wp-content\/uploads\/garten2-300x225.jpg 300w, https:\/\/jeanette-wolff-schule-dortmund.de\/wordpress\/wp-content\/uploads\/garten2-768x576.jpg 768w, https:\/\/jeanette-wolff-schule-dortmund.de\/wordpress\/wp-content\/uploads\/garten2-624x468.jpg 624w, https:\/\/jeanette-wolff-schule-dortmund.de\/wordpress\/wp-content\/uploads\/garten2.jpg 1280w\" sizes=\"auto, (max-width: 640px) 100vw, 640px\" \/><\/figure>\n\n\n\n<figure class=\"wp-block-image size-large\"><img loading=\"lazy\" decoding=\"async\" width=\"640\" height=\"480\" data-id=\"3244\" src=\"https:\/\/jeanette-wolff-schule-dortmund.de\/wordpress\/wp-content\/uploads\/garten3-640x480.jpg\" alt=\"\" class=\"wp-image-3244\" srcset=\"https:\/\/jeanette-wolff-schule-dortmund.de\/wordpress\/wp-content\/uploads\/garten3-640x480.jpg 640w, https:\/\/jeanette-wolff-schule-dortmund.de\/wordpress\/wp-content\/uploads\/garten3-300x225.jpg 300w, https:\/\/jeanette-wolff-schule-dortmund.de\/wordpress\/wp-content\/uploads\/garten3-768x576.jpg 768w, https:\/\/jeanette-wolff-schule-dortmund.de\/wordpress\/wp-content\/uploads\/garten3-624x468.jpg 624w, https:\/\/jeanette-wolff-schule-dortmund.de\/wordpress\/wp-content\/uploads\/garten3.jpg 1280w\" sizes=\"auto, (max-width: 640px) 100vw, 640px\" \/><\/figure>\n\n\n\n<figure class=\"wp-block-image size-large\"><img loading=\"lazy\" decoding=\"async\" width=\"640\" height=\"480\" data-id=\"3245\" src=\"https:\/\/jeanette-wolff-schule-dortmund.de\/wordpress\/wp-content\/uploads\/garten4-640x480.jpg\" alt=\"\" class=\"wp-image-3245\" srcset=\"https:\/\/jeanette-wolff-schule-dortmund.de\/wordpress\/wp-content\/uploads\/garten4-640x480.jpg 640w, https:\/\/jeanette-wolff-schule-dortmund.de\/wordpress\/wp-content\/uploads\/garten4-300x225.jpg 300w, https:\/\/jeanette-wolff-schule-dortmund.de\/wordpress\/wp-content\/uploads\/garten4-768x576.jpg 768w, https:\/\/jeanette-wolff-schule-dortmund.de\/wordpress\/wp-content\/uploads\/garten4-624x468.jpg 624w, https:\/\/jeanette-wolff-schule-dortmund.de\/wordpress\/wp-content\/uploads\/garten4.jpg 1280w\" sizes=\"auto, (max-width: 640px) 100vw, 640px\" \/><\/figure>\n<\/figure>\n\n\n\n<p>Gr\u00fcner Daumen hoch f\u00fcr unseren Schulgarten!<br>In drei Projekttagen haben Sch\u00fclerinnen und Sch\u00fcler aus den Klassen 6, 8, 9 und der WK1 richtig mit angepackt:<br>Im Schulgarten wurden neue Wege angelegt, Hochbeete gebaut und sogar eine Kr\u00e4uterspirale errichtet!<\/p>\n\n\n\n<p>Wir sind super stolz auf euren Einsatz \u2013 das Ergebnis kann sich echt sehen lassen!<br>Danke f\u00fcr euer Engagement!<\/p>\n","protected":false},"excerpt":{"rendered":"<p>Gr\u00fcner Daumen hoch f\u00fcr unseren Schulgarten!In drei Projekttagen haben Sch\u00fclerinnen und Sch\u00fcler aus den Klassen 6, 8, 9 und der WK1 richtig mit angepackt:Im Schulgarten wurden neue Wege angelegt, Hochbeete gebaut und sogar eine Kr\u00e4uterspirale errichtet! Wir sind super stolz auf euren Einsatz \u2013 das Ergebnis kann sich echt sehen lassen!Danke f\u00fcr euer Engagement!<\/p>\n","protected":false},"author":1,"featured_media":0,"comment_status":"closed","ping_status":"closed","sticky":false,"template":"","format":"standard","meta":{"ngg_post_thumbnail":0,"footnotes":""},"categories":[1],"tags":[20,27,14],"class_list":["post-3241","post","type-post","status-publish","format-standard","hentry","category-allgemein","tag-berufsorientierung","tag-projekttag","tag-schulleben"],"_links":{"self":[{"href":"https:\/\/jeanette-wolff-schule-dortmund.de\/wordpress\/wp-json\/wp\/v2\/posts\/3241","targetHints":{"allow":["GET"]}}],"collection":[{"href":"https:\/\/jeanette-wolff-schule-dortmund.de\/wordpress\/wp-json\/wp\/v2\/posts"}],"about":[{"href":"https:\/\/jeanette-wolff-schule-dortmund.de\/wordpress\/wp-json\/wp\/v2\/types\/post"}],"author":[{"embeddable":true,"href":"https:\/\/jeanette-wolff-schule-dortmund.de\/wordpress\/wp-json\/wp\/v2\/users\/1"}],"replies":[{"embeddable":true,"href":"https:\/\/jeanette-wolff-schule-dortmund.de\/wordpress\/wp-json\/wp\/v2\/comments?post=3241"}],"version-history":[{"count":1,"href":"https:\/\/jeanette-wolff-schule-dortmund.de\/wordpress\/wp-json\/wp\/v2\/posts\/3241\/revisions"}],"predecessor-version":[{"id":3247,"href":"https:\/\/jeanette-wolff-schule-dortmund.de\/wordpress\/wp-json\/wp\/v2\/posts\/3241\/revisions\/3247"}],"wp:attachment":[{"href":"https:\/\/jeanette-wolff-schule-dortmund.de\/wordpress\/wp-json\/wp\/v2\/media?parent=3241"}],"wp:term":[{"taxonomy":"category","embeddable":true,"href":"https:\/\/jeanette-wolff-schule-dortmund.de\/wordpress\/wp-json\/wp\/v2\/categories?post=3241"},{"taxonomy":"post_tag","embeddable":true,"href":"https:\/\/jeanette-wolff-schule-dortmund.de\/wordpress\/wp-json\/wp\/v2\/tags?post=3241"}],"curies":[{"name":"wp","href":"https:\/\/api.w.org\/{rel}","templated":true}]}}